{"id":10395,"date":"2019-10-07T16:58:29","date_gmt":"2019-10-07T19:58:29","guid":{"rendered":"http:\/\/www.primeranota.cl\/web\/?p=10395"},"modified":"2019-10-07T16:58:29","modified_gmt":"2019-10-07T19:58:29","slug":"fiscalia-solicita-salida-de-juan-de-dios-fuentes-de-la-direccion-del-registro-civil","status":"publish","type":"post","link":"http:\/\/www.primeranota.cl\/web\/region\/fiscalia-solicita-salida-de-juan-de-dios-fuentes-de-la-direccion-del-registro-civil\/","title":{"rendered":"Fiscal\u00eda solicita salida de Juan de Dios Fuentes de la Direcci\u00f3n del Registro Civil"},"content":{"rendered":"<p>La Fiscal\u00eda de Collipulli, solicit\u00f3 al juez de garant\u00eda una condena de 300 d\u00edas de presidio menor en su grado m\u00ednimo y su suspensi\u00f3n en el cargo de Director Regional del Registro Civil de La Araucan\u00eda, por amenazar la integridad f\u00edsica de un menor de 13 a\u00f1os, en un sector rural en la provincia de \u00a0Malleco.<\/p>\n<p>Los hechos representados por parte del Ministerio P\u00fablico, ocurrieron durante el mes de febrero del presente a\u00f1o y seg\u00fan el relato de la v\u00edctima, el director del Registro Civil habr\u00eda amenazado con golpearlo, \u201cte voy a dar una patiadura pa que aprendai\u201d, serian parte de las amenazas al menor de 13 a\u00f1os.<\/p>\n<p>El personero p\u00fablico, quien ya hab\u00eda estado en cuestionamiento, por aparecer en la prensa portando un arma de fuego en una reuni\u00f3n de agricultores, en esta oportunidad deber\u00e1 enfrentar el proceso judicial que se inicia en su contra por amenazar a un menor de edad.<\/p>\n","protected":false},"excerpt":{"rendered":"<p>La Fiscal\u00eda de Collipulli, solicit\u00f3 al juez de garant\u00eda una condena de 300 d\u00edas de presidio menor en su grado m\u00ednimo y su suspensi\u00f3n en&#8230;<\/p>\n","protected":false},"author":2,"featured_media":10396,"comment_status":"closed","ping_status":"open","sticky":false,"template":"","format":"standard","meta":{"footnotes":""},"categories":[267,3],"tags":[],"_links":{"self":[{"href":"http:\/\/www.primeranota.cl\/web\/wp-json\/wp\/v2\/posts\/10395"}],"collection":[{"href":"http:\/\/www.primeranota.cl\/web\/wp-json\/wp\/v2\/posts"}],"about":[{"href":"http:\/\/www.primeranota.cl\/web\/wp-json\/wp\/v2\/types\/post"}],"author":[{"embeddable":true,"href":"http:\/\/www.primeranota.cl\/web\/wp-json\/wp\/v2\/users\/2"}],"replies":[{"embeddable":true,"href":"http:\/\/www.primeranota.cl\/web\/wp-json\/wp\/v2\/comments?post=10395"}],"version-history":[{"count":1,"href":"http:\/\/www.primeranota.cl\/web\/wp-json\/wp\/v2\/posts\/10395\/revisions"}],"predecessor-version":[{"id":10397,"href":"http:\/\/www.primeranota.cl\/web\/wp-json\/wp\/v2\/posts\/10395\/revisions\/10397"}],"wp:featuredmedia":[{"embeddable":true,"href":"http:\/\/www.primeranota.cl\/web\/wp-json\/wp\/v2\/media\/10396"}],"wp:attachment":[{"href":"http:\/\/www.primeranota.cl\/web\/wp-json\/wp\/v2\/media?parent=10395"}],"wp:term":[{"taxonomy":"category","embeddable":true,"href":"http:\/\/www.primeranota.cl\/web\/wp-json\/wp\/v2\/categories?post=10395"},{"taxonomy":"post_tag","embeddable":true,"href":"http:\/\/www.primeranota.cl\/web\/wp-json\/wp\/v2\/tags?post=10395"}],"curies":[{"name":"wp","href":"https:\/\/api.w.org\/{rel}","templated":true}]}}