{"id":10424,"date":"2019-10-09T07:51:37","date_gmt":"2019-10-09T10:51:37","guid":{"rendered":"http:\/\/www.primeranota.cl\/web\/?p=10424"},"modified":"2019-10-09T07:51:37","modified_gmt":"2019-10-09T10:51:37","slug":"pinera-frei-y-lagos-abordan-las-cumbres-apec-cop25-y-la-crisis-hidrica","status":"publish","type":"post","link":"http:\/\/www.primeranota.cl\/web\/pais\/pinera-frei-y-lagos-abordan-las-cumbres-apec-cop25-y-la-crisis-hidrica\/","title":{"rendered":"Pi\u00f1era, Frei y Lagos abordan las cumbres APEC, COP25 y la crisis h\u00eddrica"},"content":{"rendered":"<p>La agenda internacional de Chile, los temas de las pr\u00f3ximas cumbres APEC y COP25, la importancia de impulsar una modernizaci\u00f3n institucional, y los alcances del acuerdo de Escaz\u00fa, fueron parte de las materias tratadas.<\/p>\n<p>\u201cHemos tenido una muy buena conversaci\u00f3n sobre temas que les interesan a todos los chilenos y donde los ex Presidentes pueden aportar mucho\u201d, dijo el Presidente Pi\u00f1era.<\/p>\n<p>Por su parte, los ex Presidentes Frei y Lagos agradecieron la invitaci\u00f3n y valoraron la importancia de los temas tratados.<\/p>\n","protected":false},"excerpt":{"rendered":"<p>La agenda internacional de Chile, los temas de las pr\u00f3ximas cumbres APEC y COP25, la importancia de impulsar una modernizaci\u00f3n institucional, y los alcances del&#8230;<\/p>\n","protected":false},"author":2,"featured_media":1787,"comment_status":"closed","ping_status":"open","sticky":false,"template":"","format":"standard","meta":{"footnotes":""},"categories":[4,267],"tags":[],"_links":{"self":[{"href":"http:\/\/www.primeranota.cl\/web\/wp-json\/wp\/v2\/posts\/10424"}],"collection":[{"href":"http:\/\/www.primeranota.cl\/web\/wp-json\/wp\/v2\/posts"}],"about":[{"href":"http:\/\/www.primeranota.cl\/web\/wp-json\/wp\/v2\/types\/post"}],"author":[{"embeddable":true,"href":"http:\/\/www.primeranota.cl\/web\/wp-json\/wp\/v2\/users\/2"}],"replies":[{"embeddable":true,"href":"http:\/\/www.primeranota.cl\/web\/wp-json\/wp\/v2\/comments?post=10424"}],"version-history":[{"count":1,"href":"http:\/\/www.primeranota.cl\/web\/wp-json\/wp\/v2\/posts\/10424\/revisions"}],"predecessor-version":[{"id":10425,"href":"http:\/\/www.primeranota.cl\/web\/wp-json\/wp\/v2\/posts\/10424\/revisions\/10425"}],"wp:featuredmedia":[{"embeddable":true,"href":"http:\/\/www.primeranota.cl\/web\/wp-json\/wp\/v2\/media\/1787"}],"wp:attachment":[{"href":"http:\/\/www.primeranota.cl\/web\/wp-json\/wp\/v2\/media?parent=10424"}],"wp:term":[{"taxonomy":"category","embeddable":true,"href":"http:\/\/www.primeranota.cl\/web\/wp-json\/wp\/v2\/categories?post=10424"},{"taxonomy":"post_tag","embeddable":true,"href":"http:\/\/www.primeranota.cl\/web\/wp-json\/wp\/v2\/tags?post=10424"}],"curies":[{"name":"wp","href":"https:\/\/api.w.org\/{rel}","templated":true}]}}