{"id":10684,"date":"2019-10-23T18:47:00","date_gmt":"2019-10-23T21:47:00","guid":{"rendered":"http:\/\/www.primeranota.cl\/web\/?p=10684"},"modified":"2019-10-23T18:47:00","modified_gmt":"2019-10-23T21:47:00","slug":"jose-antonio-jerez-pinera-vulnera-nuestros-derechos","status":"publish","type":"post","link":"http:\/\/www.primeranota.cl\/web\/region\/jose-antonio-jerez-pinera-vulnera-nuestros-derechos\/","title":{"rendered":"Jos\u00e9 Antonio Jerez: \u201cPI\u00d1ERA VULNERA NUESTROS DERECHOS\u201d"},"content":{"rendered":"<p><em><strong>Por: Ricardo P\u00e9rez S.<\/strong><\/em><\/p>\n<p>Son las 10:00 hrs\u00a0 de la ma\u00f1ana y nos reunimos en un caf\u00e9 del centro de Temuco con Jos\u00e9 Antonio Jerez Burgos, Secretario Pol\u00edtico del Provincial Caut\u00edn del Partido Socialista de Chile, de 49 a\u00f1os de edad, y militante del PS desde 1986, quien ha sido presidente Regional de la Juventud Socialista en dos oportunidades (1994-1996\/2000-2003), miembro de la Direcci\u00f3n Comunal Temuco en dos oportunidades, y de la Direcci\u00f3n Regional del Partido, presidente del CCAA de Derecho y Vicepresidente de la Federaci\u00f3n de Estudiantes en la extinta Universidad de Temuco, con quien nos reunimos para conversar sobre el momento convulsionado que vive la Regi\u00f3n y el pa\u00eds, y su particular experiencia de permanecer durante 11 horas detenido en un procedimiento que \u00e9l llama arbitrario e ilegal, luego de participar en una manifestaci\u00f3n pac\u00edfica en el centro de Temuco el d\u00eda de ayer 21 de octubre de 2019.<\/p>\n<p><strong>Jos\u00e9 Antonio \u00bfPor qu\u00e9 crees t\u00fa que hoy la gente est\u00e1 en las calles?<\/strong><\/p>\n<p>No es para nadie un secreto que las personas, hombres y mujeres, se cansaron del modelo econ\u00f3mico Neoliberal que pone primero a la ganancia que a la persona, que lleva exprimiendo a los Chilenos por m\u00e1s de 3 d\u00e9cadas, y que simplemente dijo basta ante las pol\u00edticas regresivas del gobierno de Pi\u00f1era que pretenden ser una verdadera contrarreforma, dejando sin efecto todas las pocas reformas sociales que el Gobierno de Bachelet logro implementar, frente a la f\u00e9rrea oposici\u00f3n de la derecha y el Lobbismo del gran empresariado que consigui\u00f3 votos dentro de la propia coalici\u00f3n de gobierno para torpedear las propuestas de la Presidenta Bachelet, t\u00fa debes recordar, por ejemplo, que la Reforma Tributaria \u00a0fue menos profunda de como originalmente se plante\u00f3, porque en el Congreso la derecha se opuso y algunos parlamentarios de los partidos aliados tambi\u00e9n, lo mismo paso con la Reforma Educacional, entre otras, lo que obligo a negociar para sacarlas adelantes a medias, porque falto el apoyo parlamentario para que fueran completas, en un Congreso Binominal, \u00a0los grandes empresarios quedaron recaudando menos de lo que los socialista quer\u00edamos para financiar la agenda social, pero fue mejor de lo que ten\u00edamos antes de la Reforma Tributaria con eso pudimos financiar la gratuidad de la educaci\u00f3n superior para miles de j\u00f3venes de nuestra patria quien sin ese aporte Estatal hubieran podido estudiar y de hacerlo tendr\u00edan que tomar cr\u00e9ditos quedando endeudados por d\u00e9cadas, los socialistas hubi\u00e9ramos querido gratuidad universal, pero no ten\u00edamos los votos en el congreso y tuvimos que dejar a una parte de las familias de la clase media fuera del beneficio, pero nuevamente lo que alcanzamos no siendo todo lo que quer\u00edamos, fue mejor de lo que hab\u00eda antes. Pero otros proyectos como el fortalecimiento de las leyes laborales en particular el fortalecimiento de la sindicalizaci\u00f3n para evitar el abuso del patr\u00f3n no logramos implementarlas, como tampoco logramos el apoyo transversal para una Nueva Constituci\u00f3n, entre otros temas, esos quedaba como tarea para el pr\u00f3ximo gobierno, para el pr\u00f3ximo congreso, un nuevo congreso sin sistema Binominal, que ser\u00eda m\u00e1s representativo y donde esper\u00e1bamos tener las mayor\u00edas necesarias para hacer todo lo que nos falt\u00f3 por hacer, pero la ciudadan\u00eda no fue a votar por nosotros como esper\u00e1bamos, luchamos 4 a\u00f1os por instalar en la agenda p\u00fablica los Derechos Sociales, \u00a0y esper\u00e1bamos que eso lo reconociera el pueblo, pero los errores y esc\u00e1ndalos, pasaron la cuenta, y el ciudadano no fue a votar y la Derecha gan\u00f3, m\u00e1s por la abstenci\u00f3n que por voto propio, y ahora la derecha es gobierno. Sin embargo la derecha se equivoc\u00f3 al interpretar su victoria como la expresi\u00f3n de la voluntad popular por retroceder al Neoliberalismo brutal y ha pretendido retrotraer los derechos sociales con sus proyectos de ley contrarreformistas, y eso NO es as\u00ed, las personas quiere m\u00e1s derechos sociales, cambios m\u00e1s r\u00e1pidos y ser escuchados. Por otra parte, durante la campa\u00f1a presidencial \u00e9l Prometi\u00f3 \u201cTiempos Mejores\u201d, elevando la expectativa, prometi\u00f3 mayor empleo para las mujeres y sus decisiones econ\u00f3micas no han estado a la altura, aumento la cesant\u00eda, la inversi\u00f3n no crece y la econom\u00eda tampoco, numerosas empresas durante estos dos a\u00f1os se han ido a la quiebra y los empleos para las mujeres no existen en el n\u00famero prometido. Entonces, cuando la gente de Santiago se molesta porque\u00a0 les suben el pasaje, por segunda vez en el a\u00f1o, en realidad no eran los $30.- en el Transantiago, lo que les dol\u00eda, sino que el alza del agua, de la luz, el gas, etc., es la p\u00e9rdida del poder adquisitivo de los que trabajan y las pensiones miserables de los jubilados, y Pi\u00f1era ley\u00f3 mal la demanda y se le sali\u00f3 de las manos.<\/p>\n<p><strong>La concertaci\u00f3n tambi\u00e9n prometi\u00f3 \u201cLa Alegr\u00eda ya viene\u201d y algunos dicen que la alegr\u00eda nunca llego, sin embargo nunca hubo un estallido social como este \u00bfa que lo atribuyes?<\/strong><\/p>\n<p>A que Chile cambio, durante la d\u00e9cada de los \u201990 cada vez que alguna organizaci\u00f3n quer\u00eda expresar una demanda social, reivindicar derechos sociales, se les advert\u00eda que pon\u00eda en riesgo la democracia, los milicos podr\u00edan dar otro golpe, Pinochet todav\u00eda estaba vivo, y hab\u00eda toda una generaci\u00f3n traumatizada por el sangriento gobierno militar y prefer\u00edan postergar su demanda que arriesgarse al regreso de Pinochet. Recuerda que Jos\u00e9 Miguel Insulza como Ministro hizo gestiones en Londres para rescatar a Pinochet y evitar que Baltazar Garz\u00f3n pudiera condenarlo en Espa\u00f1a por sus cr\u00edmenes de Genocidio y de Lesa Humanidad, no eran pocos en el mundo pol\u00edtico desde el Presidente hacia abajo que tem\u00edan otro golpe en Chile sino se tra\u00eda de vuelta a Pinochet. Hasta hoy esa acci\u00f3n divide a los Socialistas chilenos que critican a Insulza por rescatar a Pinochet, mira lo parad\u00f3jico, un socialista rescatando de la acci\u00f3n de la justicia internacional al dictador que mat\u00f3 a tantos chilenos y en particular a militantes socialistas, en lo personal yo soy de los socialistas que critica a Insulza por esa acci\u00f3n, finalmente Pinochet muri\u00f3 tranquilo en su casa sin responder jam\u00e1s por sus cr\u00edmenes ante la justicia. As\u00ed con el temor como aliado muchas demandas sociales se fueron postergando. Pero 30 a\u00f1os despu\u00e9s del t\u00e9rmino de la dictadura militar hay una nueva generaci\u00f3n, una nueva clase media, profesionales adultos j\u00f3venes que nunca vivieron en dictadura, y no creen posible que hoy los militares den otro golpe, sobre todo porque esta nueva generaci\u00f3n no aspira a construir el socialismo como en los \u201970 sino que tienen una aspiraci\u00f3n mucho m\u00e1s modesta, gozar del bienestar de lo que producen, su aspiraci\u00f3n de derechos sociales, est\u00e1 m\u00e1s cercana al Estado de Bienestar de la sociedad europea, que al socialismo de la viaja guardia, si t\u00fa le preguntas a un chileno medio te encontraras que es capitalista en la ganancia, pero socialista en la perdida, quieren saber que tienen un estado que los proteja si algo sale mal, pero que no se meta cuando todo va bien, pero darles eso es imposible con la actual Constituci\u00f3n, y sus leyes de amarre que perpetuo el Neoliberalismo m\u00e1s extremo del mundo, como es el chileno, que es pro-empresario, y que el ciudadano lo ha notado, cada vez que quisimos hacer reformas estructurales m\u00e1s grandes y la derecha perd\u00eda en el congreso una ley que afecta sus intereses presentaba un Recurso de Inconstitucionalidad ante el Tribunal Constitucional, y la ley ganada en el congreso quedaba en nada, \u00bfy como le explicas al ciudadano com\u00fan, que lo intentamos, pero no pudimos?. Entonces hoy una parte importante de los chilenos, principalmente de clase media sabe que necesita una nueva constituci\u00f3n, y por eso apoyaba esa idea, y le demandaba a la Presidenta Bachelet que esa nueva constituci\u00f3n naciera de una Asamblea Constituyente, no del mismo congreso donde est\u00e1n los pol\u00edticos tradicionales cuidado sus privilegios, para impedir la reelecci\u00f3n indefinida y sus privilegios se necesita una nueva Constituci\u00f3n, para preservar el Derecho Humano del agua y terminar con la privatizaci\u00f3n del agua por las Mineras y las Agroindustria que han condenado al peque\u00f1o agricultor en el centro-norte del pa\u00eds a la sobrevivencia, sin agua ni para consumo humano, lo mismo pasa con la industria forestal en el centro-sur del pa\u00eds, el vecino indeseable que acidisa la tierra, la erosiona, seca las napas subterr\u00e1nea, contamina la tierra, el agua y mata a las abejas con sus pesticidas, afectando al peque\u00f1o agricultor, ganadero menor, ap\u00edcola y a las comunidades ind\u00edgenas, principal fuente de la agudizaci\u00f3n de la relaci\u00f3n del pueblo mapuche con las forestales y el estado chileno. Consagrar la Educaci\u00f3n y la salud como un derecho, as\u00ed como otros derechos sociales se requiere una nueva constituci\u00f3n. Es ese nuevo chileno muchos m\u00e1s conciente de sus derechos con acceso a redes sociales que sabe con un click que los parlamentarios chilenos son los mejores pagados del mundo, que ganan m\u00e1s que un congresista de Estados Unidos la primera potencia del mundo, que somos el pa\u00eds m\u00e1s desigual del mundo, que somos de los pa\u00edses con la peor legislaci\u00f3n laboral del mundo, que en pa\u00edses capitalista de Europa los empresarios pagan un 40% de impuestos mientras en Chile s\u00f3lo pagan un 20%, y que con ese dinero ofrecen a su poblaci\u00f3n salud y educaci\u00f3n gratis y de calidad, mientras en chile, la salud publica hace aguas y se fomenta la salud privada donde el que paga vive y el que NO muere esperando una hora de quir\u00f3fano, ese chileno digital se dan cuenta que, literalmente, se lo est\u00e1n cagando, y demanda m\u00e1s derechos sociales. Y si los Ecuatoriamos pudieron parar un pa\u00eds y con la movilizaci\u00f3n social pudieron revertir una decisi\u00f3n del gobierno, \u00bfPor qu\u00e9 los chilenos no han de poder hacer lo mismo?, y cuando la derecha trata de refundar el neoliberalismo, Chile le dice que NO, si construir el neoliberalismo es f\u00e1cil cuando lo impones por la fuerza de las armas durante una dictadura, pero en democracia, la mayor\u00eda de la poblaci\u00f3n se va a oponer, porque la mayor\u00eda pierde con ese modelo y s\u00f3lo gana el 1% m\u00e1s rico de chile que concentra el 33% de los ingresos, y eso no lo digo yo lo dice el Banco Mundial.<\/p>\n<p><strong>\u00bfCu\u00e1l crees que fue el principal error del Gobierno del Presidente Sebasti\u00e1n Pi\u00f1era? <\/strong><\/p>\n<p>Simple, no saber escuchar, cuando los estudiantes comenzaron sus evasiones masivas como protesta demandando la congelaci\u00f3n del precio del pasaje del transantiago el Presidente y su equipo ministerial minimizaron la demanda, los trataron como criminales por evadir el pago del metro, curiosamente una derecha famosa por evadir miles de millones de pesos en impuestos, un presidente que arrastra el estigma del Banco de Talca, con conspicuos Diputados con antecedentes por fraude al fisco, giro doloso de cheque, apropiaci\u00f3n indebida, corrupci\u00f3n, con una falsa moral, le dicen a un grupo de j\u00f3venes que soy delincuentes por evadir el pago del Metro, cuando los Ministros se burlan del sufrimiento de la gente y les recomiendan que si no quieren pagar los $30.- se levanten m\u00e1s temprano y se vuelvan a su casa m\u00e1s tardes, es no comprender lo que es vivir con menos de $400.000.- al mes.<\/p>\n<p>El Gobierno Tuvo 4 d\u00edas para reaccionar, y cada declaraci\u00f3n fue peor que la anterior, no quiso entender, y cuando el quinto d\u00eda todo estallo, ya no hab\u00eda vuelta atr\u00e1s, ya no eran s\u00f3lo los estudiantes eran todos los Santiaguinos. Y cuando para arreglar el caos en vez de ceder en la demanda b\u00e1sica, los trata de delincuentes, otra vez, declara Estado de Emergencia y suelta a los militares, usando el cl\u00e1sico comod\u00edn de la derecha, privilegiar la represi\u00f3n por sobre el entendimiento, se despierta la solidaridad de todo Chile y se le levanta todo un pa\u00eds. Nosotros pensamos en un primer momento que si los Santiaguinos no pod\u00edan protestar porque los militares estar\u00edan en la calle lo har\u00edamos nosotros las regiones, y r\u00e1pidamente decanto a algo mucho m\u00e1s grande, y adem\u00e1s el Santiaguino no se asust\u00f3 y a pesar de los militares sigui\u00f3 protestando igual. Fue hermoso el despertar de los hombres y mujeres de mi pa\u00eds, me hizo recordar 1988 y 1989.<\/p>\n<p><strong>\u00bfQu\u00e9 opini\u00f3n te merece el vandalismo y los saqueos?<\/strong><\/p>\n<p>Yo en lo personal, puedo entender a quienes fruto de sus historias de vida guardan frustraciones y rabias y que en un momento determinado lo puedan expresar con suma violencia, pero no la comparto como herramienta v\u00e1lida en democracia. Los socialistas creemos que todas las formas de Lucha social son v\u00e1lidas, pero cada forma de lucha tiene su contexto social, por ejemplo la violencia pol\u00edtica es la respuesta natural a una dictadura donde no existen canales de expresi\u00f3n, y la sobrevivencia de la disidencia esta en juego, pero en una democracia la violencia pol\u00edtica es contraproducente, y gana m\u00e1s detractores que simpatizantes, en lo personal yo creo que en democracia la forma de lucha social es la desobediencia civil, a trav\u00e9s de la NO Violencia activa. Las demostraci\u00f3n de oposici\u00f3n pacifican tienen un gran poder moral, sobre todo cuando son reprimidas por la autoridad. Por ejemplo, si yo lanzara una bomba Molotov a un carabinero y este ardiera en llamas, yo ser\u00eda el victimario y el carabinero la v\u00edctima, ese carabinero es un ser humano, tiene padres, puede que tenga mujer e hijos, \u00bfTengo derecho a da\u00f1arlo en nombre de una protesta social? Yo tengo 2 hijos, un ni\u00f1o y una ni\u00f1a, como le explico a ellos que su padre quemo vivo a una persona que estaba cumpliendo su labor, s\u00f3lo porque quer\u00eda manifestar mi oposici\u00f3n contra el Presidente de la Republica que est\u00e1 a 658 km de distancia, cuando mis ideas tienen una superioridad moral mi conducta debe ser coherente con ello, por otra parte cuando yo estoy protestando pac\u00edficamente, sin violencia y se me abalanza un pique te carabineros me golpea y me detiene, yo soy la v\u00edctima y el carabinero el victimario y en esta era donde todos portan una c\u00e1mara fotogr\u00e1fica y pueden hacer un video, desde sus tel\u00e9fonos celulares, \u00a0y subirlo a la Red queda registrado el abuso de autoridad y la carga moral cae sobre el carabinero, quien se ve en el dilema moral de c\u00f3mo le explicara a su familia que \u00e9l, es un represor, un torturador, un asesino, que agredi\u00f3 a hombres y mujeres, con familias como \u00e9l, que desarmados y pac\u00edficamente protestaban por una mejor vida para todos, incluido los carabineros y sus familias. Eso es lo maravilloso, para m\u00ed, del socialismo como ideal de vida, yo no lucho para m\u00ed, el socialismo no es ni ego\u00edsta ni individualista, se lucha por iguales condiciones de vida para todos incluso para quienes no lo entienden, nos combaten, nos reprimen y asesinan, y adem\u00e1s, ese es el poder m\u00e1gico de la \u201cNO violencia Activa\u201d como m\u00e9todo de lucha social, no es f\u00e1cil tener la entereza para levantar las manos y recibir los golpes sin responder, por instinto natural el ser humano tiende a responder cuando te agreden, pero si t\u00fa contestas el golpe te procesaran por \u201cMaltrato de obra a Carabineros\u201d, y abra un video mostr\u00e1ndote agresivo, porque todos los carabineros de FF.EE., andan hoy con Gopro, y seria todo, pero si no te resistes al arresto y te golpean y no contestas la agresi\u00f3n, el peso moral se lo lleva carabineros y cuando todo chile ve el video sabr\u00e1 quienes son los violentistas, y la solidaridad del pueblo estar\u00e1 con la v\u00edctima y no con el agresor. Por eso para m\u00ed, hacer barricadas, lanzar bombas Molotov y apedrea a los carabineros, en democracia, son actos contrarrevolucionarios, que en lugar de sumar simpat\u00eda para nuestra lucha, suma detractores y le das al gobierno herramientas para acusarnos de v\u00e1ndalos, terroristas, subversivos, enemigos del pa\u00eds, con lo cual buscan neutralizar nuestra influencia social y poner a la opini\u00f3n publica en nuestra contra, que mejor que convencer a la mayor\u00eda de no sumarse a la protesta social porque es mala, para as\u00ed tenerlos con la cabeza gacha asumiendo las injusticia que le toca vivir a diario, que aunque injustas es mejor que el caos, pero si t\u00fa protestas pac\u00edficamente y te golpean injustamente \u00bfqu\u00e9 pasa? Si hoy \u00e9ramos cientos, ma\u00f1ana seremos miles reclamando, y eso la derecha lo sabe y por eso necesita a los violentos, y cuando las protestas son pac\u00edficas necesitan fabricar sus violentistas, y en estos 4 d\u00edas de movilizaci\u00f3n lo hemos visto, en las redes sociales puedes ver cientos de videos que documentan como personal de carabineros, y personal de civil armado, no sabemos de qu\u00e9 instituci\u00f3n, han generado incendios en el metro, supermercados, han hecho barricadas, todo para decir que los que protestan son v\u00e1ndalos y delincuentes, y tratar de convencer a la mayor\u00eda de no apoyar la protesta social y obtener carta blanca para reprimir sin hacerse cargo de la profundidad de la demanda. Ah\u00ed tienes el sospechoso caso del incendio en la Torre ENEL, \u00bfme van a hacer creer que una escalera de incendios, que por norma t\u00e9cnica est\u00e1n dise\u00f1adas para soportar el fuego y no incendiarse para que las personas puedan huir de un sitio en llamas se iba a incendiar con una bomba Molotov? Eso claramente fue un montaje, con una siniestra intensi\u00f3n, justificar el Estado de Emergencia y soltar a los militares en la calle. Entonces, cuando algunos sectores del pueblo y de la izquierda, fruto de la rabia y frustraci\u00f3n de estos a\u00f1os de injusticia realizan barricadas, permiten y facilitan que los infiltrados act\u00faen y armen sus montajes para expandir el temor e inmovilizar a la gente, por el contrario nosotros \u201cla izquierda\u201d debemos poner pa\u00f1os fr\u00edos, llamar a todo el pueblo a movilizarse \u201cSIN VIOLENCIA\u201d, \u201cSIN SAQUEOS\u201d y desenmascarar de esa forma a los infiltrados y sus montajes.<\/p>\n<p><strong>\u00bfT\u00fa crees que hay montajes en los actos violentos que hemos visto?<\/strong><\/p>\n<p>Todos sabemos, que, lamentablemente, una parte de carabineros, no s\u00e9 qu\u00e9 tan grande, es experta en hacer montajes, recuerda la \u201cOperaci\u00f3n Hurac\u00e1n\u201d, el Homicidio de Catrillanca, o\u00a0 el caso Catrileo, entre otros, en todos ellos se nos dijo que los hechos ocurrieron de una forma y resulta que la verdad era otra totalmente distinta. Hoy gracias a la tecnolog\u00eda andan circulando por la red videos que dan cuenta de carabineros y militares iniciando incendios en el metro, en supermercados, en barricadas, y con esas acciones justifican la necesidad de mantener a FF.EE. de carabineros y a los militares en las calles reprimiendo la protesta social, la protesta pac\u00edfica, la demanda justa. Reflexiona, llevan 4 d\u00edas en las calles carabineros y los militares y a\u00fan no pueden controlar a los v\u00e1ndalos, los saqueadores, los incendiarios, los delincuentes, el enemigo contra el cual Pi\u00f1era dice estar en Guerra, y en 1973 en 24 horas los mismo actores, ten\u00edan controlado el pa\u00eds, a todos los compa\u00f1eros presos y a los que se lograron escapar los buscaban casa por casa, o sea con el actual nivel de eficiencia Allende seguir\u00eda siendo presidente de Chile. A m\u00ed no me cabe duda que hay oscuros intereses ocultos que necesitan que el vandalismo y saqueo contin\u00fae para atemorizar a la poblaci\u00f3n a tal punto de debilitar la demanda social y poder salvar esta crisis s\u00f3lo con cambios cosm\u00e9ticos, por eso es tan importante que todos los que queremos que Chile cambie nos movilicemos, pero sin caer en la tentaci\u00f3n de la Violencia a pesar de toda nuestra legitima rabia y frustraci\u00f3n, para no ayudar al gobierno a destruir esta noble causa.\u00a0 S\u00f3lo otro elemento para completar la tesis conspirativa, llevamos 4 d\u00edas de vandalismo y saqueo, incendios por todas partes, y ni una sola maquinaria forestal, ni un solo bosque ha sido incendiado en la Araucan\u00eda, \u00bfNo te parece raro que los mapuche, supuestamente terroristas, no est\u00e9n aprovechando esta oportunidad de caos nacional para incendiar la regi\u00f3n?, alg\u00fan mal pensado podr\u00eda pensar que los que quemaban en la Araucan\u00eda est\u00e1n tan ocupados quemando en otras latitudes que se olvidaron de nuestra regi\u00f3n, pero \u00bfd\u00f3nde deja eso a la teor\u00eda del mapuche terrorista?.<\/p>\n<p>&nbsp;<\/p>\n<p><strong>No entiendo t\u00fa posici\u00f3n \u00bfEstas a favor o en contra de carabineros?<\/strong><\/p>\n<p>Carabineros es una instituci\u00f3n necesaria de la Republica, por lo que no podr\u00eda estar per se en contra de ella, soy contrario de ciertas pr\u00e1cticas que se han institucionalizado que son atentatorias contra los derechos humanos, y que me gustar\u00eda que cambiaran,\u00a0 pero eso no significa que por ciertos abusos de ciertos funcionarios yo vaya a odiar a todos los carabineros de Chile y avalar que se les lance una Bomba Molotov. S\u00e9 que estas ideas no son muy populares entre ciertos sectores de la izquierda, incluso en mi propio partido hay quienes no la comparten, 17 a\u00f1os de dictadura, 3500 muertos, 50.000 torturados, y estos 30 a\u00f1os de democracia, con procedimientos abusivos de carabineros, en particular en el Wall mapu, no hacen f\u00e1cil ver al carabinero como un humano, como un trabajador m\u00e1s al cual, como todo trabajador, debemos defender, por el contrario crecimos viendo al carabinero como el enemigo, yo tengo amigos que en los \u201980 fueron detenidos y torturados por la DIPOLCAR, y es dif\u00edcil no verlos como enemigos a vencer, pero cuando me baja el odio por el abuso policial me obligo a recordar al General Director de Carabineros Jos\u00e9 Mar\u00eda Sep\u00falveda, leal con el compa\u00f1ero Presidente Salvador Allende, la constituci\u00f3n de 1925 y la Ley, quien se opuso al Golpe de Estado de 1973 y acompa\u00f1o lealmente a Allende en la Moneda mientras el Gral. Mendoza, general rastrero, como lo llamar el propio presidente Allende, se autoproclamaba Director de Carabineros y ordenaba el arresto de 5 generales del alto mando opositores al golpe y numerosos carabineros partidarios del gobierno popular eran detenidos y torturados en los cuarteles policiales, para luego ser dados de baja perdiendo todos sus beneficios institucionales. Que te quiero decir con esto, que los Carabineros no siempre estuvieron contra el pueblo, existieron \u201clos pacos sandias\u201d como les apodaban, verdes por fuera, pero rojos por dentro, y debemos recuperar esa relaci\u00f3n con el carabinero de a pie, el que es maltratado por los superiores, que son obligados a obedecer \u00f3rdenes injustas e ilegales, pero que no les queda de otra porque en nuestro sistema jur\u00eddico el carabinero, as\u00ed como en las Fuerzas Armadas, se rigen por el principio de la \u201cObediencia Debida\u201d no como en los pa\u00edses de Europa que impera el principio de la \u201cObediencia Reflexiva\u201d donde un polic\u00eda puede pensar si la orden que le da el superior es correcta o no y representarle a su superior la ilegalidad de la orden y por ese hecho no es despedido ni se juega el futuro profesional, aqu\u00ed en Chile, si t\u00fa haces eso te despiden o te castigan bloqueando tu ascenso, es tan grave esta situaci\u00f3n que los miembros de las Fuerzas Armadas y Carabineros, que denunciaron ilegalidades en los conocidos casos de corrupci\u00f3n institucional, hoy investigados por la justicia, fueron dados de baja, y amenazados de muerte, de hecho hay un par de casos de muertes donde los familiares alegan que los mataron por denunciar la corrupci\u00f3n, hecho no probado. Entonces, para tener una instituci\u00f3n sana,\u00a0 debemos avanzar en que sea m\u00e1s democr\u00e1tica y respetuosa de los Derechos Humanos, tanto con la ciudadan\u00eda como con el personal institucional, pero quien le pone el cascabel al gato, nadie, y en estos a\u00f1os por ejemplo hemos sabido del acoso sexual que sufren las mujeres carabineras, o las restricciones a sus derechos maternales, \u00bfPor ser Pacas no debiera importarme que les vulneren sus derechos? Yo creo que debe importarnos lo que le pase a todo trabajador o trabajadora lleve uniforme o no. Sin embrago, desde el golpe de Estado de 1973 a los carabineros les han ense\u00f1ado a odiar a la izquierda, nosotros somos los malos, somos los terroristas, los subversivos, los que odiamos al pa\u00eds, en s\u00edntesis somos el enemigo, por nuestra parte a la izquierda nos han ense\u00f1ado que los carabineros son los golpistas, fascistas, represores, torturadores, homicidas, en s\u00edntesis el enemigo, y los puentes de comunicaci\u00f3n est\u00e1n rotos, ellos nos odian y nosotros los odiamos a ellos, y eso le conviene a la clase dominante. Yo por el contrario aprend\u00ed a ver a cada carabinero de otra forma, s\u00e9 que hay personal de carabineros que vulnera los derechos, casi por placer, particularmente los miembros de las FF.EE., parece que los escogieran especialmente por el placer que sienten al infringir dolor al otro, ellos andan buscando la oportunidad de agredir, dale una excusa para golpearte y lo har\u00e1n sin dudarlo con un particular disfrute, y de hecho se incomodan cuando t\u00fa levantas las manos y los miras, ellos esperan que t\u00fa los agredas, que los empujes, los insultes, les tires piedras, y cuando no haces nada de eso los desconciertas, pero si el s\u00e1dico superior al mando se los ordena de igual forma te golpearan sin dudarlo, \u00a0vendieron su alma al diablo y ese es el precio a pagar. Pero existen otros carabineros dedicados al servicio a la comunidad, los de Orden y Seguridad, tr\u00e1nsito, los de familia, etc., que tienen una actitud muy diferente con la comunidad, ese carabinero de a pie que no la piensa dos veces y se tira al r\u00edo a salvar a un ni\u00f1o que se est\u00e1 ahogando y no le pregunta su clase social o si sus padres tienen o no plata, \u00e9l s\u00f3lo se tira y lo salva porque el ni\u00f1o se est\u00e1 ahogando, ese lado humano de un carabinero al servicio de su pueblo es el que hay que rescatar. Hace unos a\u00f1os a tras durante una protesta en que participaba, un grupo de muchachos se pusieron a lanzarle piedras a un motorista de carabineros que iba pasando, s\u00f3lo porque era un Paco, y yo me interpuse y les dije: \u201cAl motorista NO cabros\u2026\u201d los chicos quedaron perplejos y no le siguieron tirando piedras, te imaginas si una piedra hubiera votado al carabinero en la moto el da\u00f1o f\u00edsico al funcionario por una ca\u00edda en velocidad, a un carabinero de transito que el mayor da\u00f1o en la vida que pudo causarnos fue sacarnos una infracci\u00f3n de tr\u00e1nsito, proporcionalidad en la acci\u00f3n y la reacci\u00f3n, es lo que yo espero de un militante de izquierda. Yo, as\u00ed como otros compa\u00f1eros de partido que comparten mi visi\u00f3n sobre el tema, hemos elegido ser un puente entre nosotros y ellos, y ver a los carabineros, particularmente a la tropa, como compa\u00f1eros de clase, como trabajadores del orden y la Seguridad, y como a tales no generalizar negativamente sobre ellos, y por el contrario preocuparnos de sus padeceres, mismo que no pueden exteriorizar p\u00fablicamente por el riesgo de perder su trabajo, pero debemos avanzar a mejorar sus condiciones laborales, sus turnos agobiantes, es m\u00e1s como socialista yo aspiro a que en un futuro ojala no muy lejano los carabineros puedan sindicalizarse como cualquier trabajador, tal y como la polic\u00eda Francesa o Alemana, que en la formaci\u00f3n institucional el respeto a los derechos humanos sea una constante y que la obediencia reflexiva sea su principio rector, \u00a0as\u00ed tal vez nunca m\u00e1s veremos a las FF.EE. arremeter contra protestas pac\u00edficas y a detener a inocentes como me paso a mi ayer, y donde pude palpar la bipolaridad institucional.<\/p>\n<p>&nbsp;<\/p>\n<p><strong>S\u00ed cu\u00e9ntame \u00bfPor qu\u00e9 te detuvo carabineros?<\/strong><\/p>\n<p>Mira, para darle un poco de contexto a mi respuesta te contare que desde el mismo momento que sali\u00f3 el pueblo a manifestarse yo me sume a las movilizaciones, como uno m\u00e1s, esto fue el espontaneo despertar de un pueblo dormido, que sali\u00f3 a protestar por sus derechos, y nadie puede estar ausente, pero mi protesta era pacifica, al igual que la de la mayor\u00eda de las personas que nos reunimos el s\u00e1bado, 19 de octubre de 2019 en la Plaza Dagoberto Godoy, o la Plaza del Hospital como todos la conocemos,\u00a0 \u00a0nuestra idea era realizar una marcha pac\u00edfica rumbo al centro como la que se hace para el primero de mayo, pero la Intendencia Regional, supongo que por orden del Ministerio del Interior, envi\u00f3 a las FF.EE. de Carabineros a impedir que la marcha pac\u00edfica se realizara, al ingresar a Av. Caupolican nos lanzaron bombas lacrim\u00f3genas, para que nos dispers\u00e1ramos, nos replegamos a la plaza del Hospital y los jardines del hospital, y de repente una marcha que era pac\u00edfica, se transform\u00f3 en violenta aparecieron unos 30 encapuchados, no se d\u00e9 adonde, hicieron barricadas en calle Montt y algo que era pacifico se volvi\u00f3 violento con la provocaci\u00f3n de la Intendencia Regional a trav\u00e9s de las FF.EE. de Carabineros, los que para estos asuntos son el guante de hierro del intendente, si no hubieran atacado a la columna de marchantes nunca se hubiera generado una batalla campal a los pies del Hospital Regional, y hubi\u00e9ramos marchado en paz y no hubiera pasado nada. Lo mismo, ocurri\u00f3 el domingo, 20 y el lunes, 21 de octubre, el gobierno est\u00e1 empecinado en impedir que los ciudadanos de Temuco ejerzamos nuestro derecho constitucional a manifestarnos pac\u00edficamente, con la irracionalidad de ordenar usar gases lacrim\u00f3genos en las inmediaciones del hospital, dime \u00bfacaso el gobierno no piensa en los efectos nocivos que tiene para los pacientes del hospital y el personal m\u00e9dico respiras gas lacrim\u00f3geno?, s\u00f3lo la indolencia de los ricos que se atienden en cl\u00ednica privada podr\u00eda darle lo mismo gasear a los pacientes del hospital publico. Entonces, ante una nueva obstrucci\u00f3n de FF.EE. de carabineros a la marcha, grupos de manifestantes optamos por transitar por las veredas hasta llegar al centro de Temuco, y un grupo se instal\u00f3 en la esquina de Claro Solar con Bulnes a fuera de la intendencia Regional, y otro grupo se form\u00f3 en la esquina de Claro Solar con Prat frente a la Catedral, en cuya ubicaci\u00f3n me encontraba yo, los manifestantes nos instalamos en la esquina de la plaza frente a la catedral y a medida que grit\u00e1bamos se nos fue sumando gente en un acto espontaneo hasta tener grupos de manifestantes en las cuatro esquinas de la intersecci\u00f3n, la din\u00e1mica era mantenernos sobre la vereda protestando y salir a la calle s\u00f3lo cuando el sem\u00e1foro estuviera en rojo a fin de evitar cualquier excusa de carabineros para disolver la manifestaci\u00f3n, sin embargo FF.EE. de igual forma arremeti\u00f3 contra los manifestantes pac\u00edficos, primero arremeti\u00f3 contra los que se encontraban sobre la Plaza An\u00edbal Pinto lanz\u00e1ndole agua con el guanaco y luego ingresando dentro de la plaza con el zorrillo a gasearlos, en su loca carrera persiguiendo manifestantes choco con dos banquetas del centro de la plaza destroz\u00e1ndolas, quiero dejar muy claro que fue carabineros con el zorrillo el que destruyo las banquetas y no los manifestantes, en esa arremetida fue la primera vez que me mojaron y gasearon durante esa jornada. Yo permanec\u00ed en mi posici\u00f3n y segu\u00ed aplaudiendo la gente se volvi\u00f3 a reunir a protestar, y las FF.EE. volvieron a arremeter esta vez con el guanaco y un piquete de FF.EE.\u00a0 de infanter\u00eda que con los escudos empujaron a los manifestantes fuera de la esquina de la Catedral quienes estaban con las manos arriba sin oponer resistencia, fue la segunda vez que me mojaron, pero yo segu\u00ed en mi posici\u00f3n y se volvi\u00f3 a reunir la gente a protestar, entonces se vino una tercera arremetida donde nos mojaron (por tercera vez en mi caso) y gasearon, a una chica que estaba a mi lado producto de los gases sinti\u00f3 mucho ardor en sus ojos y no pod\u00eda ver, entonces el piquete de fueras especiales la emprendi\u00f3 contra nosotros exigi\u00e9ndonos que circul\u00e1ramos y empuj\u00e1ndonos con sus escudos, yo y otros chicos le explic\u00e1bamos que no la empujara que ella no pod\u00eda ver, mientras camin\u00e1bamos hacia el poniente, levante los brazos y empec\u00e9 a decir que se est\u00e1n vulnerando mis derechos constitucional al imped\u00edrseme de una forma arbitraria e ilegal manifestarme en un espacio p\u00fablico en forma pac\u00edfica, est\u00e1bamos en eso cuando uno de los chicos que iba conmigo lo toman detenido y se lo llevan al furg\u00f3n policial, yo aprovecho ese momento de distracci\u00f3n para cruzar a la vereda del frente y volver a mi posici\u00f3n original y comenc\u00e9 a aplaudir nuevamente, se empez\u00f3 a reunir la gente otra vez, y se me abalanzo otra vez el piquete de FF.EE., me empujaban con el escudo mientras dec\u00edan \u201cCircule\u201d, yo nuevamente empec\u00e9 a se\u00f1alar que me estaban vulnerando mis derechos constitucionales al tiempo que caminaba muy lentamente cruzando calle Prat al poniente con las manos arriba, en ese momento el subteniente Vega (me parece recordar o vera tal vez) le ordena a sus subalternos que me detengan, por oponerme a la acci\u00f3n de la polic\u00eda, eran las 14:30 hrs, yo me puse a alegar que mi detenci\u00f3n es ilegal, que yo en ning\u00fan momento he obstruido el tr\u00e1nsito, que todo el tiempo he estado sobre la vereda, que no he realizado acciones violentas ni he puesto resistencia a la labor policial en ning\u00fan momento y que exig\u00eda que se me informara la raz\u00f3n de mi detenci\u00f3n, mientras caminaba con las manos arriba, y me subieron al carro, en ese momento escuche las voz de una mujer que gritaba \u201cpor qu\u00e9 lo detienen \u00e9l no ha hecho nada\u2026 lo tengo todo grabado\u201d\u2026 yo no la conoc\u00eda y sali\u00f3 en mi defensa, esa es la nobleza del pueblo que yo te hablaba antes que despierta la \u201cNO Violencia Activa\u201d, si yo hubiera andado tirando piedras o molotov, esa mujer no se hubiera jugado el pellejo por defenderme, pero como me vio durante 2 horas manifest\u00e1ndome pac\u00edficamente y como les recomendaba algunos chicos que soltaran las piedras que no movieran los sem\u00e1foros o golpearan las cortinas de Fallabella, ella en su fuero interno sinti\u00f3 que era tan injusta mi detenci\u00f3n, que se jug\u00f3 su propio pellejo por defender a un desconocido, y la detuvieron tambi\u00e9n, y cuando la subieron segu\u00eda alegando, yo le dije que se estuviera tranquila, que no alegara m\u00e1s que no se resistiera, porque si manten\u00eda la calma la soltar\u00edan r\u00e1pidamente, nos llevaron a la segunda comisaria y ah\u00ed luego de constatar lesiones y su identidad la soltaron.<\/p>\n<p>Quisiera tomarme una pausa en el relato para expresarle mi agradecimiento a esa mujer an\u00f3nima de quien a\u00fan desconozco su nombre, pero que cuando lea este relato sabr\u00e1 que a ella me refiero, y a quien sinceramente le deseo que nunca pierda esa humanidad y sentido de justicia que expreso ese d\u00eda, al solidarizar conmigo, un perfecto desconocido que por azares del destino coincidimos en la misma esquina luchando por la misma causa y por los mismos medios, personas como t\u00fa renuevan mi fe en la humanidad y revitalizan mi voluntad de luchar por los derechos de nuestro pueblo.<\/p>\n<p>Siguiendo con el relato, en la Segunda Comisaria a m\u00ed me retuvieron en un corral con otros 16 detenidos adultos detenidos en torno a la plaza, hab\u00eda otro corral de mujeres y otro de menores de edad, en el transcurso del d\u00eda segu\u00edan llegando detenidos finalmente ese d\u00eda genero unos 40 detenidos, en la conversaci\u00f3n intima entre los detenidos del corral donde estaba yo, s\u00f3lo 4 reconocieron haberle lanzado piedras a los carabineros, o sea hab\u00eda 12 que estaba ah\u00ed por protestar pac\u00edficamente como yo. S\u00ed el presidente Pi\u00f1era declara estar en Guerra contra los V\u00e1ndalos y saqueadores \u00bfQu\u00e9 sentido tiene detener a manifestantes pacifico? Infringir temor para que dejen la protesta social, pero el problema de esa estrategia es que s\u00f3lo a un tipo de personalidades la represi\u00f3n le infunde temor, a otro tipo de personas la injusticia le genera ira, y ante la detenci\u00f3n arbitraria e ilegal podr\u00eda transformar a un manifestante pacifico en uno violento resentido por el trato injusto, si el Presidente Pi\u00f1era realmente quiere manifestaciones pacifica debiera hacer dos cosas, permitirlas y escucharlas, pero cuando manda a reprimir a manifestantes pac\u00edficos manda la se\u00f1al contraria, y s\u00f3lo agranda el problema. Adem\u00e1s si a la detenci\u00f3n injusta le sumamos el montaje policial, se rompe todo el Estado de Derecho en que se funda la relaci\u00f3n entre Gobernante y gobernados, montajes que pude apreciar en vivo ese d\u00eda, de esos 16 detenidos 6 cayeron en la misma esquina que yo, los v\u00eda ah\u00ed, y cuando los fueron notificando de la raz\u00f3n de su detenci\u00f3n era sorprendente lo creativo de las FF.EE., de todos los casos el m\u00e1s sorprendente de como carabineros tergiversaba los motivos de detenci\u00f3n, fue el de un profesional joven psic\u00f3logo me parece recordar de apellido Morales, a \u00e9l \u00a0lo notifican por des\u00f3rdenes p\u00fablicos, encapuchado y lanzando proyectiles, lo que es totalmente falso, recuerdas que en mi relato te cont\u00e9 de un joven que fue detenido mientras discut\u00edamos con carabineros defendiendo a la chica segada por el gas, pues bien ese chico detenido 20 minutos antes que yo era quien ahora seg\u00fan FF.EE. fue detenido encapuchado lanzando piedras, en circunstancias que yo lo vi todo el rato frente a mi tocando una cacerola incluso tra\u00eda en su mochila su manta de yoga porque ven\u00eda de practicar Yoga.<\/p>\n<p>Bueno, pasaban las horas y a mi a\u00fan no me informaban la causal de mi detenci\u00f3n, cuando pasada las 21:00 hrs, llego la abogada del INDH a conversar con los detenidos y le explicamos la situaci\u00f3n que a la mayor\u00eda no nos hab\u00edan le\u00eddos nuestros derechos y que no sab\u00edamos a\u00fan el motivo de nuestra detenci\u00f3n, y a quienes si se les hab\u00eda notificado se les estaban cargando pruebas falsas, hab\u00eda por ejemplo un par de hermanos secundarios que se les cargo maltrato de obra a carabineros detenidos en claro solar con Bulnes, en un video que encontr\u00e9 en redes sociales donde aparece en redes sociales pude constatar que nunca agredieron a FF.EE. como mucho fue el forcejeo t\u00edpico de alguien que no quiere que lo suban al furg\u00f3n, pero de ah\u00ed a una agresi\u00f3n, hay una gran distancia. Pues bien, la abogada del INDH r\u00e1pidamente hizo gestiones y consigui\u00f3 que llegaran a la Segunda Comisaria, los abogados de la Defensor\u00eda Penal Publica, el Fiscal y la Jueza de Garant\u00eda, quienes ah\u00ed mismo y frente a nosotros junto al personal de guardia de la Segunda Comisaria comenzaron a analizar caso a caso para saber a quienes se quedar\u00edan detenidos hasta el d\u00eda siguiente para pasar a control de la detenci\u00f3n y quienes ser\u00edan liberados inmediatamente, s\u00f3lo entonces y en circunstancias que carabineros no sab\u00eda con exactitud porque estaba yo ah\u00ed detenido, se me informan mis derechos como detenido y se me notifica la raz\u00f3n de mi detenci\u00f3n: \u201cDesordenes simples, obstruir la normal circulaci\u00f3n vehicular\u201d, yo reclame que eso era falso, que revisaran las c\u00e1maras GoPro de los FF.EE. y ver\u00edan que yo todo el tiempo estuve sobre la vereda y nunca obstaculice el tr\u00e1nsito, adem\u00e1s que se me estaban informando mis derechos e informando el motivo de mi detenci\u00f3n m\u00e1s de 8 horas despu\u00e9s de mi aprensi\u00f3n, pero el abogado de la defensor\u00eda me sugiri\u00f3 que firmara ya que se me dar\u00eda la libertad inmediata, y lo hice. Cuesti\u00f3n curiosa aparte es que el funcionario de FF.EE. que me notifico y firmo como mi aprensor, no fue quien me aprendi\u00f3 efectivamente, y el nombre del subteniente que ordeno mi detenci\u00f3n no aparec\u00eda en ninguna parte del parte, otra irregularidad m\u00e1s en el proceder institucional. Finalmente, se fue la jueza de garant\u00eda, el Fiscal y la abogada del INDH y mi liberaci\u00f3n efectiva demoro 3 horas m\u00e1s por tramites administrativo internos, tal vez mi \u00fanica queja contra el INDH, si pudiera hacerle alguna fue el no quedarse a verificar que la liberaci\u00f3n ordenada a 4 de nosotros se realizara efectivamente, y no que se realizar\u00eda 3 horas despu\u00e9s de lo ordenado, pero eso escapa de sus facultades, en lo que respecta a lo que le corresponde hacer al INDH su abogada estuvo a la altura.<\/p>\n<p>Ahora, debo reconocer que los carabineros al interior de la Segunda Comisaria,\u00a0 \u00a0tuvieron en general un buen trato con los detenidos, ah\u00ed est\u00e1 la bipolaridad institucional a la que yo me refer\u00eda antes, mientras los de FF.EE. tienen un actuar en general despiadado, ilegal y atentatorio contra los DDHH, los otros carabineros ten\u00edan un buen trato y deferente, dentro de lo posible, en una relaci\u00f3n detenido-carcelero. Y los pude apreciar agotados, me imagino sobre cargados de trabajo obligados por las circunstancias de tener que hacer el trabajo sucio del Gobierno de Pi\u00f1era, persiguiendo opositores pol\u00edticos como si fu\u00e9ramos delincuentes, por el solo delito de pensar distinto y expresarlo p\u00fablicamente.<\/p>\n<p>Otro episodio distinto es mi opini\u00f3n respecto al desempe\u00f1o del Fiscal de Turno el sr. Arroyo, quien pudo mucho antes dar instrucciones para agilizar la liberaci\u00f3n de los menores de edad y dem\u00e1s detenidos, que carec\u00edan de imputaciones serias, eso de presentarse al final del d\u00eda a requerimiento de otros organismos, extendiendo innecesariamente la detenci\u00f3n de personas inocentes y menores de edad, me parece innecesario y que se podr\u00eda interpretan como una actitud que coadyuva al gobierno en su intento de intimidar a la protesta social, y creo que equivoca el Fiscal, \u00e9l no es el brazo persecutor de los adversario pol\u00edticos del gobierno, y no puede prestarse para dar un manto de legalidad a la violaci\u00f3n de Derechos Humanos, como es mi detenci\u00f3n por m\u00e1s de 11 horas sin que se me informaran mis derechos y se me notificara la raz\u00f3n de mi detenci\u00f3n, ni puede avalar, justificar o sugerir montajes policiales para intentar obtener condenas contra inocentes.<\/p>\n<p>&nbsp;<\/p>\n<p><strong>Por \u00faltimo, Jos\u00e9 Antonio \u00bfQu\u00e9 opinas de como a manejado la crisis el Presidente Pi\u00f1era y c\u00f3mo crees que se soluci\u00f3n?<\/strong><\/p>\n<p>Es la pregunta m\u00e1s sencilla que me has hecho hoy (se r\u00ede). Que quieres que te diga, pues lo ha hecho mal no s\u00f3lo \u00e9l, sino que todo su gabinete, yo que el presidente me olvidar\u00eda que Chadwick, el Ministro del interior, es mi primo y lo mandar\u00eda de regreso para su casa, igual que al subsecretario del interior, la Ministra de Transporte y el Ministro de Hacienda, es su desempe\u00f1o desastroso lo que lo tiene en este atolladero.<\/p>\n<p>La soluci\u00f3n solo vendr\u00e1 del dialogo, pero un dialogo real, con todos los partidos pol\u00edticos y las principales organizaciones sociales, con voluntad de escuchar y de aplicar al menos una parte de lo que la gente espera. El problema es que Pi\u00f1era siempre te dice una cosa, pero despu\u00e9s te sale con la letra chica, es poco cre\u00edble, y eso la gente lo sabe, por lo que creo muy dif\u00edcil que la gente deje de movilizarse sino ve cosas concretas. As\u00ed las cosas el Presidente deber\u00e1 estar dispuesto a: abrirse a convertir el proyecto de las 40 horas como ley de la rep\u00fablica, haci\u00e9ndose cargo de lo que todas las encuestas incluso las de su sector\u00a0 dicen, que 40 horas es lo que la mayor\u00eda de chile quiere; Deber\u00e1 recoger la propuesta del Partido Socialista de Chile y mejorar las pensiones ahora y no en 40 a\u00f1os m\u00e1s; Deber\u00e1 renunciar a su proyecto para rebajarle el impuesto a las empresas, ya que se requerir\u00e1 m\u00e1s dinero para financiar los derechos sociales; Estatizar el Transantiago, 14 a\u00f1os de ese experimento fracasado ya es suficiente y debemos avanzar a una administraci\u00f3n estatal del transporte p\u00fablico en la capital de Chile como en las principales capitales de la OCDE; acelerar el plan de cierre de las Termoel\u00e9ctricas para reemplazarlas por plantas termosolares, as\u00ed como acelerar los planes de descontaminaci\u00f3n de las \u00e1reas de sacrificio, bajar el sueldo de los parlamentarios y limitar sus reelecciones, entre otras medidas que deber\u00e1 tomar, y tal vez la m\u00e1s dif\u00edcil de todas para \u00e9l y su sector, convocar a una Asamblea Constituyente para una nueva constituci\u00f3n que siente las bases en Chile para un nuevo contrato social que de la mano de un modelo de econom\u00eda mixta de a Chile un Estado de Bienestar.<\/p>\n<p>Pero antes de cualquier dialogo debe enviar a los militares a los cuarteles, conversar con los socialista ser\u00e1 imposible con los militares en la calle, matando civiles, eso es algo ya consensuado al interior del partido y sobre el cual la mayor\u00eda del partido est\u00e1 de acuerdo, con militares en la calle y exclusi\u00f3n a sectores pol\u00edticos y sociales del dialogo nosotros no dialogaremos, por principios no nos es posible avalar con nuestra presencia un proceder que margina y mata.<\/p>\n<p>Por \u00faltimo, y quiero que no quede duda alguna en mi opini\u00f3n Pi\u00f1era vulnera nuestros derechos a diario,\u00a0 al no permitir la libre expresi\u00f3n del pueblo, y enviar a carabineros y militares a reprimir al pueblo movilizado, la derecha no puede ser usando a las instituciones armadas y de orden como si fueran su seguridad privada, ni utilizar a Fiscal\u00eda para el mismo fin. Si algo ha dejado claro esta crisis es que a las FF.EE. de carabineros y a la Fiscal\u00eda les hacen falta cursos de Derechos Humanos, profundos cursos; No puede ser que entiendan que es parte de su funci\u00f3n atacar la protesta pac\u00edfica y fabricar pruebas para condenar inocentes, No puede ser, las FF.EE. debiera entender que aunque le moleste los canticos, como ocurre en cualquier pa\u00eds OCDE si yo estoy manifest\u00e1ndome tranquilamente en la vereda sin hacer barricadas no pueden disolver las manifestaciones, No puedo reprimir porque no puedo\u00a0 violar las garant\u00edas Constitucionales y sus Derechos Humanos. Asimismo la Fiscal\u00eda no puede tener a un manifestante pacifico detenido durante 11 horas y m\u00e1s, ni permitir, ni consentir ni sugerir a la polic\u00eda montajes o falsas declaraciones para obtener condenas.<\/p>\n<p>S\u00ed realmente quieren paz social en las calles, m\u00e1s importante y clave es que los pol\u00edticos (y donde me incluyo porque desde que tengo 16 a\u00f1os soy militante pol\u00edtico), sus gobiernos deben saber escuchar al manifestante pacifico, la paradoja de la violencia es que cuando los estudiantes protestaron 4 d\u00edas seguidos pac\u00edficamente con sus evasiones masivas reclamando la congelaci\u00f3n del precio del Transantiago el gobierno siempre dijo que NO a la demanda, pero cuando el quinto d\u00eda los cabros atentaron contra el metro impidiendo su normal funcionamiento y la rabia de la gente por c\u00f3mo se mofaban los ministros, del trabajador que todos los d\u00edas se levantarse a las 5 \u00f3 6 de la ma\u00f1ana para llegar a su trabajo, cuando empez\u00f3 la violencia en las calles y quedo la cagada, y s\u00f3lo entonces el gobierno en 24 horas mando un proyecto que congelaba los precio y le dio suma urgencia en el congreso y en 48 horas era ley de la rep\u00fablica. Cuando pasa eso la gente com\u00fan queda con la sensaci\u00f3n que si no dejas la cagada el gobierno no te escucha, y ese es un error del Gobierno, el Gobierno debiera escuchar al manifestante pac\u00edfico y no esperar que se vuelva violento para atender sus demandas, as\u00ed tendr\u00edamos menos v\u00e1ndalos y saqueadores en las calles. Escucha la voz del pueblo Pi\u00f1era.<\/p>\n","protected":false},"excerpt":{"rendered":"<p>Por: Ricardo P\u00e9rez S. Son las 10:00 hrs\u00a0 de la ma\u00f1ana y nos reunimos en un caf\u00e9 del centro de Temuco con Jos\u00e9 Antonio Jerez&#8230;<\/p>\n","protected":false},"author":2,"featured_media":10685,"comment_status":"closed","ping_status":"open","sticky":false,"template":"","format":"standard","meta":{"footnotes":""},"categories":[255,267,3],"tags":[],"_links":{"self":[{"href":"http:\/\/www.primeranota.cl\/web\/wp-json\/wp\/v2\/posts\/10684"}],"collection":[{"href":"http:\/\/www.primeranota.cl\/web\/wp-json\/wp\/v2\/posts"}],"about":[{"href":"http:\/\/www.primeranota.cl\/web\/wp-json\/wp\/v2\/types\/post"}],"author":[{"embeddable":true,"href":"http:\/\/www.primeranota.cl\/web\/wp-json\/wp\/v2\/users\/2"}],"replies":[{"embeddable":true,"href":"http:\/\/www.primeranota.cl\/web\/wp-json\/wp\/v2\/comments?post=10684"}],"version-history":[{"count":1,"href":"http:\/\/www.primeranota.cl\/web\/wp-json\/wp\/v2\/posts\/10684\/revisions"}],"predecessor-version":[{"id":10686,"href":"http:\/\/www.primeranota.cl\/web\/wp-json\/wp\/v2\/posts\/10684\/revisions\/10686"}],"wp:featuredmedia":[{"embeddable":true,"href":"http:\/\/www.primeranota.cl\/web\/wp-json\/wp\/v2\/media\/10685"}],"wp:attachment":[{"href":"http:\/\/www.primeranota.cl\/web\/wp-json\/wp\/v2\/media?parent=10684"}],"wp:term":[{"taxonomy":"category","embeddable":true,"href":"http:\/\/www.primeranota.cl\/web\/wp-json\/wp\/v2\/categories?post=10684"},{"taxonomy":"post_tag","embeddable":true,"href":"http:\/\/www.primeranota.cl\/web\/wp-json\/wp\/v2\/tags?post=10684"}],"curies":[{"name":"wp","href":"https:\/\/api.w.org\/{rel}","templated":true}]}}