{"id":10950,"date":"2019-11-11T08:39:59","date_gmt":"2019-11-11T11:39:59","guid":{"rendered":"http:\/\/www.primeranota.cl\/web\/?p=10950"},"modified":"2019-11-11T08:39:59","modified_gmt":"2019-11-11T11:39:59","slug":"colegio-de-profesores-convoca-a-marcha-para-este-lunes-y-paro-general-para-el-martes","status":"publish","type":"post","link":"http:\/\/www.primeranota.cl\/web\/pais\/colegio-de-profesores-convoca-a-marcha-para-este-lunes-y-paro-general-para-el-martes\/","title":{"rendered":"Colegio de Profesores convoca a marcha para este lunes y paro general para el martes"},"content":{"rendered":"<p>Durante esta ma\u00f1ana el presidente del Colegio de Profesores, Mario Aguilar, convoc\u00f3 a una nueva marcha por la educaci\u00f3n para este lunes 11 de noviembre y, tambi\u00e9n, a un paro general que se realizar\u00e1 el martes 12.<\/p>\n<p>&#8220;Nosotros como Colegio de Profesores y como parte del sector educaci\u00f3n obviamente somos part\u00edcipes de todo este reclamo ciudadano que hay hoy d\u00eda. Educaci\u00f3n es uno de los puntos centrales de las demandas que est\u00e1n hoy d\u00eda en la ciudadan\u00eda, y nosotros obviamente eso lo entendemos perfecto&#8221;, coment\u00f3 Aguilar a Emol.<\/p>\n<p>Las propuestas que llevaron al Colegio de Profesores a &#8220;replegarse&#8221; y llamar a deponer el paro 90 Dentro de las principales demandas que se exigir\u00e1n durante la movilizaci\u00f3n, que comenzar\u00e1 a las 11 horas en Plaza Baquedano y terminar\u00e1 en Los H\u00e9roes, se encuentran exigir el fin de la educaci\u00f3n de mercado y la renuncia de la ministra de Educaci\u00f3n, Marcela Cubillos. &#8220;La m\u00e1s importante es que se termine la educaci\u00f3n de mercado, que se ponga fin a la l\u00f3gica de que la educaci\u00f3n es un bien de consumo, dicho por el propio Presidente de la Rep\u00fablica en su momento. Evidentemente tambi\u00e9n queremos un cambio en el Ministerio de Educaci\u00f3n, creemos que la ministra debi\u00f3 haber salido en el cambio de gabinete de todas maneras&#8221;, dijo el presidente del gremio.<\/p>\n<p>Agregando que &#8220;y particularmente tambi\u00e9n hay algunos proyectos de ley que est\u00e1n en el Congreso hoy d\u00eda que nosotros rechazamos, como es el Sala Cuna Universal, que es otra gran mentira, lo que har\u00e1 es seguir debilitando todav\u00eda m\u00e1s la red p\u00fablica de educaci\u00f3n y seguir fortaleciendo el negocio privado, porque esto va a traspasar una cantidad de recursos a los privados&#8221;. Para el d\u00eda martes &#8220;junto con sectores productivos, funcionarios p\u00fablicos, gremios agrupados en &#8220;No + AFP&#8221;, los gremios de salud, de educaci\u00f3n, estamos convocando a una huelga general de 24 horas precisamente para reclamar los cambios que se est\u00e1n demandando por parte de la ciudadan\u00eda, que hasta ahora no se han acogido&#8221;.<\/p>\n<p>&#8220;Mantendremos la movilizaci\u00f3n que implique que se haga efectivo en Chile un cambio estructural y no simplemente aspirinas que es lo que hasta ahora est\u00e1 haciendo el Gobierno&#8221; Mario Aguilar, presidente Colegio de Profesores Aguilar tambi\u00e9n se refiri\u00f3 a la situaci\u00f3n que viven algunos colegios a los cuales se les cerr\u00f3 de forma anticipada el a\u00f1o escolar, asegurando que la decisi\u00f3n del Gobierno era errada y que no lograr\u00eda el efecto que, a su juicio, quer\u00eda darle el Ejecutivo, el cual era evitar que los secundarios se siguieran movilizando.<\/p>\n<p>&#8220;Lo que quiere hacer con esto el Gobierno es detener las movilizaciones de los secundarios, pero los secundarios no se movilizan porque se re\u00fanen en los colegios, los secundarios b\u00e1sicamente cuando convocan a sus cosas lo hacen v\u00eda redes sociales, o sea, ni siquiera entiende el Gobierno como funcionan los j\u00f3venes hoy d\u00eda&#8221;. Seg\u00fan confirm\u00f3 el l\u00edder del gremio, la marcha de este lunes cuenta con la aprobaci\u00f3n de la Intendencia de la Regi\u00f3n Metropolitana.<\/p>\n<p>Fuente: Emol<\/p>\n","protected":false},"excerpt":{"rendered":"<p>Durante esta ma\u00f1ana el presidente del Colegio de Profesores, Mario Aguilar, convoc\u00f3 a una nueva marcha por la educaci\u00f3n para este lunes 11 de noviembre&#8230;<\/p>\n","protected":false},"author":2,"featured_media":8180,"comment_status":"closed","ping_status":"open","sticky":false,"template":"","format":"standard","meta":{"footnotes":""},"categories":[4,267],"tags":[],"_links":{"self":[{"href":"http:\/\/www.primeranota.cl\/web\/wp-json\/wp\/v2\/posts\/10950"}],"collection":[{"href":"http:\/\/www.primeranota.cl\/web\/wp-json\/wp\/v2\/posts"}],"about":[{"href":"http:\/\/www.primeranota.cl\/web\/wp-json\/wp\/v2\/types\/post"}],"author":[{"embeddable":true,"href":"http:\/\/www.primeranota.cl\/web\/wp-json\/wp\/v2\/users\/2"}],"replies":[{"embeddable":true,"href":"http:\/\/www.primeranota.cl\/web\/wp-json\/wp\/v2\/comments?post=10950"}],"version-history":[{"count":1,"href":"http:\/\/www.primeranota.cl\/web\/wp-json\/wp\/v2\/posts\/10950\/revisions"}],"predecessor-version":[{"id":10951,"href":"http:\/\/www.primeranota.cl\/web\/wp-json\/wp\/v2\/posts\/10950\/revisions\/10951"}],"wp:featuredmedia":[{"embeddable":true,"href":"http:\/\/www.primeranota.cl\/web\/wp-json\/wp\/v2\/media\/8180"}],"wp:attachment":[{"href":"http:\/\/www.primeranota.cl\/web\/wp-json\/wp\/v2\/media?parent=10950"}],"wp:term":[{"taxonomy":"category","embeddable":true,"href":"http:\/\/www.primeranota.cl\/web\/wp-json\/wp\/v2\/categories?post=10950"},{"taxonomy":"post_tag","embeddable":true,"href":"http:\/\/www.primeranota.cl\/web\/wp-json\/wp\/v2\/tags?post=10950"}],"curies":[{"name":"wp","href":"https:\/\/api.w.org\/{rel}","templated":true}]}}