{"id":11060,"date":"2019-11-17T09:52:55","date_gmt":"2019-11-17T12:52:55","guid":{"rendered":"http:\/\/www.primeranota.cl\/web\/?p=11060"},"modified":"2019-11-17T09:52:55","modified_gmt":"2019-11-17T12:52:55","slug":"jose-antonio-kast-quiere-liderar-campana-del-no-del-plebiscito-constitucional","status":"publish","type":"post","link":"http:\/\/www.primeranota.cl\/web\/pais\/jose-antonio-kast-quiere-liderar-campana-del-no-del-plebiscito-constitucional\/","title":{"rendered":"Jos\u00e9 Antonio Kast quiere liderar campa\u00f1a del &#8220;No&#8221; del plebiscito constitucional"},"content":{"rendered":"<p>El Partido Republicano, encabezado por el excandidato presidencial, Jos\u00e9 Antonio Kast, se\u00f1al\u00f3 en un comunicado que encabezar\u00e1n la campa\u00f1a por el \u201cNo\u201d, en el plebiscito anunciado para abril de 2020.<\/p>\n<p>En el documento, publicado por el propio Kast en Twitter, el movimiento afirm\u00f3 que\u00a0<strong>\u201ccomo Partido Republicano, asumiremos con valent\u00eda el desaf\u00edo hist\u00f3rico de liderar la\u00a0campa\u00f1a del No<\/strong>, en defensa de un sistema constitucional que ha permitido que Chile\u00a0tenga paz y prosperidad\u201d.<\/p>\n<p>Adem\u00e1s, acusaron a Chile Vamos de renunciar a defender este modelo \u201cpor miedo o conveniencia, y trabajaremos incansablemente por colocar las urgencias sociales como\u00a0prioridad en la discusi\u00f3n p\u00fablica, ajenas del debate pol\u00edtico que buscan imponer desde la derecha y la izquierda\u201d.<\/p>\n<p>En la misma l\u00ednea,\u00a0<strong>rechazaron \u201cque la respuesta pol\u00edtica a las urgencias sociales sea la creaci\u00f3n de una asamblea constituyente, el financiamiento de nuevos pol\u00edticos profesionales y la derogaci\u00f3n de nuestra Constituci\u00f3n\u201d.<\/strong><\/p>\n<p>\u201cEstamos convencidos que<strong>\u00a0el problema no es el instrumento constitucional<\/strong>\u00a0sino que el funcionamiento y direcci\u00f3n de las instituciones, que ha llevado al pa\u00eds a aumentar la burocracia, la captura pol\u00edtica y la ineficacia en la\u00a0gesti\u00f3n del Estado\u201d, a\u00f1ade el texto.<\/p>\n<p>El Partido Republicano defendi\u00f3 la actual Constituci\u00f3n sosteniendo que \u201c<strong>es el instrumento que ha permitido convertir a Chile en el pa\u00eds m\u00e1s exitoso de Latinoam\u00e9rica<\/strong>, librando a millones de chilenos de la pobreza extrema y construyendo bases sociales, econ\u00f3micas y pol\u00edticas s\u00f3lidas que son garant\u00eda de un pa\u00eds serio, estable y garante de los derechos de sus ciudadanos\u201d.<\/p>\n<p>Finalmente, sentenciaron que \u201cuna nueva constituci\u00f3n, redactada al alero de los abusos de la violencia callejera, por los mismos pol\u00edticos que no han sabido defender a los chilenos en los \u00faltimos 20 a\u00f1os,\u00a0<strong>no ser\u00e1 m\u00e1s que una falsa promesa<\/strong>\u201d.<\/p>\n","protected":false},"excerpt":{"rendered":"<p>El Partido Republicano, encabezado por el excandidato presidencial, Jos\u00e9 Antonio Kast, se\u00f1al\u00f3 en un comunicado que encabezar\u00e1n la campa\u00f1a por el \u201cNo\u201d, en el plebiscito&#8230;<\/p>\n","protected":false},"author":2,"featured_media":3342,"comment_status":"closed","ping_status":"open","sticky":false,"template":"","format":"standard","meta":{"footnotes":""},"categories":[4,267],"tags":[],"_links":{"self":[{"href":"http:\/\/www.primeranota.cl\/web\/wp-json\/wp\/v2\/posts\/11060"}],"collection":[{"href":"http:\/\/www.primeranota.cl\/web\/wp-json\/wp\/v2\/posts"}],"about":[{"href":"http:\/\/www.primeranota.cl\/web\/wp-json\/wp\/v2\/types\/post"}],"author":[{"embeddable":true,"href":"http:\/\/www.primeranota.cl\/web\/wp-json\/wp\/v2\/users\/2"}],"replies":[{"embeddable":true,"href":"http:\/\/www.primeranota.cl\/web\/wp-json\/wp\/v2\/comments?post=11060"}],"version-history":[{"count":1,"href":"http:\/\/www.primeranota.cl\/web\/wp-json\/wp\/v2\/posts\/11060\/revisions"}],"predecessor-version":[{"id":11061,"href":"http:\/\/www.primeranota.cl\/web\/wp-json\/wp\/v2\/posts\/11060\/revisions\/11061"}],"wp:featuredmedia":[{"embeddable":true,"href":"http:\/\/www.primeranota.cl\/web\/wp-json\/wp\/v2\/media\/3342"}],"wp:attachment":[{"href":"http:\/\/www.primeranota.cl\/web\/wp-json\/wp\/v2\/media?parent=11060"}],"wp:term":[{"taxonomy":"category","embeddable":true,"href":"http:\/\/www.primeranota.cl\/web\/wp-json\/wp\/v2\/categories?post=11060"},{"taxonomy":"post_tag","embeddable":true,"href":"http:\/\/www.primeranota.cl\/web\/wp-json\/wp\/v2\/tags?post=11060"}],"curies":[{"name":"wp","href":"https:\/\/api.w.org\/{rel}","templated":true}]}}