{"id":11076,"date":"2019-11-19T08:11:03","date_gmt":"2019-11-19T11:11:03","guid":{"rendered":"http:\/\/www.primeranota.cl\/web\/?p=11076"},"modified":"2019-11-19T08:11:03","modified_gmt":"2019-11-19T11:11:03","slug":"guido-girardi-buscan-hacer-fracasar-el-acuerdo-por-la-paz-con-desinformacion","status":"publish","type":"post","link":"http:\/\/www.primeranota.cl\/web\/pais\/guido-girardi-buscan-hacer-fracasar-el-acuerdo-por-la-paz-con-desinformacion\/","title":{"rendered":"Guido Girardi: Buscan hacer fracasar el Acuerdo por la Paz con desinformaci\u00f3n"},"content":{"rendered":"<p>El senador del PPD, Guido Girardi,\u00a0<strong>llam\u00f3 a socializar el Acuerdo de Paz Social y Nueva Constituci\u00f3n<\/strong>\u00a0debido a que hay alta desinformaci\u00f3n, como asimismo la entrega de datos falsos cuyo objetivo es hacer fracasar el proceso firmado entre la oposici\u00f3n y el oficialismo.<\/p>\n<p>\u201c(\u2026) Es un avance, pero\u00a0<strong>es necesario socializarlo porque hay desinformaci\u00f3n y noticias falsas que buscan hacer fracasar el proceso<\/strong>. Lo importante es que as\u00ed como con un l\u00e1piz derrotamos la dictadura de Pinochet, ahora, con un l\u00e1piz podemos reescribir un nuevo Chile m\u00e1s justo\u201d, coment\u00f3 el parlamentario.<\/p>\n<p>Girardi dijo que\u00a0<strong>el acuerdo recoge lo que la ciudadan\u00eda demanda<\/strong>, que es un plebiscito para decidir si se quiere una nueva Constituci\u00f3n y la v\u00eda \u2013convenci\u00f3n mixta o convenci\u00f3n constitucional ciudadana- para redactarla.<\/p>\n<p>Respecto a los 2\/3 con p\u00e1gina en blanco, sostuvo que\u00a0<strong>este sistema favorece a la actual oposici\u00f3n<\/strong>, ya que \u201cla derecha nunca alcanzar\u00e1 ese porcentaje para mantener los enclaves autoritarios\u201d.<\/p>\n<p>Sobre este punto explic\u00f3 que \u201ccuando no se logran los dos tercios no hay norma y rigen las leyes por simple mayor\u00eda. Por tanto el pa\u00eds debe entender que\u00a0<strong>los 2\/3 favorecen a una expresi\u00f3n democr\u00e1tica porque va a impedir que existan amarres y camisas de fuerza como ocurre con la Constituci\u00f3n actual<\/strong>\u201d.<\/p>\n<p>El congresista, llam\u00f3 a avanzar en la Agenda social, ya que adem\u00e1s de incrementar la pensi\u00f3n b\u00e1sica solidaria, dijo, se debe regular las AFP y sumar solidaridad a la capitalizaci\u00f3n individual.<\/p>\n<p>Sobre c\u00f3mo financiar las demandas sociales,\u00a0<strong>Girardi coment\u00f3 que el pa\u00eds debe aumentar la carga tributaria<\/strong>, la que actualmente, precis\u00f3, es muy baja -20% del PIB- con la que jam\u00e1s se podr\u00e1n resolver las demandas sociales, asegur\u00f3.<\/p>\n<p>\u201cEn Francia es de 46,5% del PIB, el promedio OCDE es 34% (\u2026) con la reforma tributaria que se acaba de hacer vamos a subir a 21% del producto lo que es insuficiente.\u00a0<strong>Para garantizar la respuesta a las demandas sociales deber\u00edamos tener al menos el 30% del PIB en un proceso progresivo<\/strong>. Lo que significa que, de una vez por todas, las grandes riquezas en Chile deben pagar mayores impuestos. Si no avanzamos al mismo tiempo de establecer derechos, en los mecanismos para financiarlo, podemos generar mucha frustraci\u00f3n. Este es un cambio mucho m\u00e1s integral, pero hay que hacerlo ahora, ya\u201d, recalc\u00f3.<\/p>\n<p><em>Aton Chile.<\/em><\/p>\n","protected":false},"excerpt":{"rendered":"<p>El senador del PPD, Guido Girardi,\u00a0llam\u00f3 a socializar el Acuerdo de Paz Social y Nueva Constituci\u00f3n\u00a0debido a que hay alta desinformaci\u00f3n, como asimismo la entrega&#8230;<\/p>\n","protected":false},"author":2,"featured_media":7820,"comment_status":"closed","ping_status":"open","sticky":false,"template":"","format":"standard","meta":{"footnotes":""},"categories":[4,267],"tags":[],"_links":{"self":[{"href":"http:\/\/www.primeranota.cl\/web\/wp-json\/wp\/v2\/posts\/11076"}],"collection":[{"href":"http:\/\/www.primeranota.cl\/web\/wp-json\/wp\/v2\/posts"}],"about":[{"href":"http:\/\/www.primeranota.cl\/web\/wp-json\/wp\/v2\/types\/post"}],"author":[{"embeddable":true,"href":"http:\/\/www.primeranota.cl\/web\/wp-json\/wp\/v2\/users\/2"}],"replies":[{"embeddable":true,"href":"http:\/\/www.primeranota.cl\/web\/wp-json\/wp\/v2\/comments?post=11076"}],"version-history":[{"count":1,"href":"http:\/\/www.primeranota.cl\/web\/wp-json\/wp\/v2\/posts\/11076\/revisions"}],"predecessor-version":[{"id":11077,"href":"http:\/\/www.primeranota.cl\/web\/wp-json\/wp\/v2\/posts\/11076\/revisions\/11077"}],"wp:featuredmedia":[{"embeddable":true,"href":"http:\/\/www.primeranota.cl\/web\/wp-json\/wp\/v2\/media\/7820"}],"wp:attachment":[{"href":"http:\/\/www.primeranota.cl\/web\/wp-json\/wp\/v2\/media?parent=11076"}],"wp:term":[{"taxonomy":"category","embeddable":true,"href":"http:\/\/www.primeranota.cl\/web\/wp-json\/wp\/v2\/categories?post=11076"},{"taxonomy":"post_tag","embeddable":true,"href":"http:\/\/www.primeranota.cl\/web\/wp-json\/wp\/v2\/tags?post=11076"}],"curies":[{"name":"wp","href":"https:\/\/api.w.org\/{rel}","templated":true}]}}