{"id":11110,"date":"2019-11-20T11:16:10","date_gmt":"2019-11-20T14:16:10","guid":{"rendered":"http:\/\/www.primeranota.cl\/web\/?p=11110"},"modified":"2019-11-20T11:16:10","modified_gmt":"2019-11-20T14:16:10","slug":"con-encuentro-regional-coro-de-profesores-de-victoria-celebra-61-anos-en-la-ruta-de-la-cultura","status":"publish","type":"post","link":"http:\/\/www.primeranota.cl\/web\/region\/con-encuentro-regional-coro-de-profesores-de-victoria-celebra-61-anos-en-la-ruta-de-la-cultura\/","title":{"rendered":"Con encuentro regional Coro de Profesores de Victoria celebra 61 a\u00f1os en la ruta de la cultura"},"content":{"rendered":"<p>El pr\u00f3ximo viernes, 22 de noviembre, cuando el calendario celebra el d\u00eda de Santa Cecilia, patrona de la m\u00fasica, el Coro de Profesores de Victoria celebra 61 a\u00f1os de ininterrumpida labor art\u00edstica y cultural.<\/p>\n<p>Si retrocedemos en el tiempo, es casi inevitable no recordar, a un grupo de amigos, que al alero de la tertulia, en las tibias tarde de noviembre, echaban a volar la imaginaci\u00f3n, acariciando sue\u00f1os tejiendo ilusiones fueron dando forma, de alguna manera, a la naciente instituci\u00f3n coral que t\u00edmidamente daba las primeras notas, las que sonaron viriles y vibrantes llenado de dulce acordes el firmamento. Mucha agua ha corrido bajo el puente. Bajo la premisa: \u201cLos hombres pasan, las obras quedan\u201d innumerables personas fueron dando vida y forma a esta instituci\u00f3n local que, se convirti\u00f3 casi sin propon\u00e9rselo, en un referente cultural de la ciudad, del pa\u00eds y parte de nuestra Am\u00e9rica morena. En la actualidad el Coro de Profesores de Victoria se encuentra asociado a la Sociedad Coral de Profesores de Chile (SOCOPROCH) y por su intermedio a la Asociaci\u00f3n Latinoamericana de Coros (ALAC).<\/p>\n<p>La celebraci\u00f3n se encuentra enmarcada dentro del XL Festival Regional de Profesores de la Araucan\u00eda, el viernes 22 de noviembre. En la ocasi\u00f3n, se dar\u00e1n cita los coros de las ciudades de: Angol, Carahue, Victoria y como invitado especial, el coro: Ensamble Lux Eterna de la ciudad de Los Angeles. Todo est\u00e1 dado para que a partir de las 20 horas, en la Iglesia de Nuestra Se\u00f1ora de la Merced, se inicie la Gala Coral, con un gran festival interregional. Desde estas p\u00e1ginas hacemos una gentil invitaci\u00f3n a toda la ciudadan\u00eda de Victoria, a disfrutar de un agradable espect\u00e1culo, cuya obertura estar\u00e1 a cargo de la profesora y pianista Adriana Rosatti y sus cadentes melod\u00edas del recuerdo.<\/p>\n","protected":false},"excerpt":{"rendered":"<p>El pr\u00f3ximo viernes, 22 de noviembre, cuando el calendario celebra el d\u00eda de Santa Cecilia, patrona de la m\u00fasica, el Coro de Profesores de Victoria&#8230;<\/p>\n","protected":false},"author":2,"featured_media":11111,"comment_status":"closed","ping_status":"open","sticky":false,"template":"","format":"standard","meta":{"footnotes":""},"categories":[3],"tags":[],"_links":{"self":[{"href":"http:\/\/www.primeranota.cl\/web\/wp-json\/wp\/v2\/posts\/11110"}],"collection":[{"href":"http:\/\/www.primeranota.cl\/web\/wp-json\/wp\/v2\/posts"}],"about":[{"href":"http:\/\/www.primeranota.cl\/web\/wp-json\/wp\/v2\/types\/post"}],"author":[{"embeddable":true,"href":"http:\/\/www.primeranota.cl\/web\/wp-json\/wp\/v2\/users\/2"}],"replies":[{"embeddable":true,"href":"http:\/\/www.primeranota.cl\/web\/wp-json\/wp\/v2\/comments?post=11110"}],"version-history":[{"count":1,"href":"http:\/\/www.primeranota.cl\/web\/wp-json\/wp\/v2\/posts\/11110\/revisions"}],"predecessor-version":[{"id":11112,"href":"http:\/\/www.primeranota.cl\/web\/wp-json\/wp\/v2\/posts\/11110\/revisions\/11112"}],"wp:featuredmedia":[{"embeddable":true,"href":"http:\/\/www.primeranota.cl\/web\/wp-json\/wp\/v2\/media\/11111"}],"wp:attachment":[{"href":"http:\/\/www.primeranota.cl\/web\/wp-json\/wp\/v2\/media?parent=11110"}],"wp:term":[{"taxonomy":"category","embeddable":true,"href":"http:\/\/www.primeranota.cl\/web\/wp-json\/wp\/v2\/categories?post=11110"},{"taxonomy":"post_tag","embeddable":true,"href":"http:\/\/www.primeranota.cl\/web\/wp-json\/wp\/v2\/tags?post=11110"}],"curies":[{"name":"wp","href":"https:\/\/api.w.org\/{rel}","templated":true}]}}