{"id":11160,"date":"2019-11-25T07:52:07","date_gmt":"2019-11-25T10:52:07","guid":{"rendered":"http:\/\/www.primeranota.cl\/web\/?p=11160"},"modified":"2019-11-25T07:52:07","modified_gmt":"2019-11-25T10:52:07","slug":"ministra-del-trabajo-sobre-las-afp-como-entidades-de-seguridad-social-fallaron","status":"publish","type":"post","link":"http:\/\/www.primeranota.cl\/web\/pais\/ministra-del-trabajo-sobre-las-afp-como-entidades-de-seguridad-social-fallaron\/","title":{"rendered":"Ministra del Trabajo sobre las AFP: Como entidades de seguridad social fallaron"},"content":{"rendered":"<p>La ministra del Trabajo,\u00a0<strong>Mar\u00eda Jos\u00e9 Zald\u00edvar<\/strong>, asegur\u00f3 en Mesa Central de Canal 13 que\u00a0<strong>las AFP han fallado como entidades de seguridad social pero &#8220;como entidades financieras, lo hicieron muy bien&#8221;<\/strong>.<\/p>\n<div class=\"teads-inread\">\n<div>\n<div id=\"teads0\" class=\"teads-player\">&#8220;La plata rent\u00f3 de una manera impresionante. Tuvimos aumento en los fondos de los trabajadores que son muy significativos&#8221;, se\u00f1al\u00f3 la secretaria de Estado explicando que de todas formas las AFP debieron &#8220;cumplir un rol mucho m\u00e1s potente de haber levantado mejoras y reformas&#8221;.<\/div>\n<\/div>\n<\/div>\n<p>Zald\u00edvar tambi\u00e9n se refiri\u00f3 al acuerdo para\u00a0<strong>aumentar\u00a0la pensi\u00f3n b\u00e1sica solidaria para los mayores de 80 a\u00f1os en un 50%<\/strong>\u00a0advirtiendo que\u00a0&#8220;<strong>este proyecto no va a venir a solucionar las pensiones de la clase media de nuestro pa\u00eds<\/strong>, y si no avanzamos en el aumento de la tasa de cotizaciones (&#8230;) no vamos a solucionar el problema&#8221;.<\/p>\n","protected":false},"excerpt":{"rendered":"<p>La ministra del Trabajo,\u00a0Mar\u00eda Jos\u00e9 Zald\u00edvar, asegur\u00f3 en Mesa Central de Canal 13 que\u00a0las AFP han fallado como entidades de seguridad social pero &#8220;como entidades&#8230;<\/p>\n","protected":false},"author":2,"featured_media":10971,"comment_status":"closed","ping_status":"open","sticky":false,"template":"","format":"standard","meta":{"footnotes":""},"categories":[4,267],"tags":[],"_links":{"self":[{"href":"http:\/\/www.primeranota.cl\/web\/wp-json\/wp\/v2\/posts\/11160"}],"collection":[{"href":"http:\/\/www.primeranota.cl\/web\/wp-json\/wp\/v2\/posts"}],"about":[{"href":"http:\/\/www.primeranota.cl\/web\/wp-json\/wp\/v2\/types\/post"}],"author":[{"embeddable":true,"href":"http:\/\/www.primeranota.cl\/web\/wp-json\/wp\/v2\/users\/2"}],"replies":[{"embeddable":true,"href":"http:\/\/www.primeranota.cl\/web\/wp-json\/wp\/v2\/comments?post=11160"}],"version-history":[{"count":1,"href":"http:\/\/www.primeranota.cl\/web\/wp-json\/wp\/v2\/posts\/11160\/revisions"}],"predecessor-version":[{"id":11161,"href":"http:\/\/www.primeranota.cl\/web\/wp-json\/wp\/v2\/posts\/11160\/revisions\/11161"}],"wp:featuredmedia":[{"embeddable":true,"href":"http:\/\/www.primeranota.cl\/web\/wp-json\/wp\/v2\/media\/10971"}],"wp:attachment":[{"href":"http:\/\/www.primeranota.cl\/web\/wp-json\/wp\/v2\/media?parent=11160"}],"wp:term":[{"taxonomy":"category","embeddable":true,"href":"http:\/\/www.primeranota.cl\/web\/wp-json\/wp\/v2\/categories?post=11160"},{"taxonomy":"post_tag","embeddable":true,"href":"http:\/\/www.primeranota.cl\/web\/wp-json\/wp\/v2\/tags?post=11160"}],"curies":[{"name":"wp","href":"https:\/\/api.w.org\/{rel}","templated":true}]}}