{"id":11194,"date":"2019-11-27T08:09:53","date_gmt":"2019-11-27T11:09:53","guid":{"rendered":"http:\/\/www.primeranota.cl\/web\/?p=11194"},"modified":"2019-11-27T08:10:54","modified_gmt":"2019-11-27T11:10:54","slug":"congreso-despacho-el-presupuesto-2020","status":"publish","type":"post","link":"http:\/\/www.primeranota.cl\/web\/pais\/congreso-despacho-el-presupuesto-2020\/","title":{"rendered":"Congreso despach\u00f3 el presupuesto 2020"},"content":{"rendered":"<p>El\u00a0<strong>Congreso despach\u00f3 el presupuesto 2020<\/strong>, luego que el Senado y la C\u00e1mara de Diputados ratificaran la iniciativa consensuada en comisi\u00f3n mixta.<\/p>\n<div class=\"teads-inread\">\n<div>\n<div id=\"teads0\" class=\"teads-player\">Tras el debate, se acord\u00f3 que el Gobierno presentar\u00e1 un proyecto de discusi\u00f3n inmediata para aumentar la pensi\u00f3n b\u00e1sica solidaria: para mayores de 80 a\u00f1os subir\u00e1 50%, la de los jubilados entre 75 y 79 a\u00f1os incrementar\u00e1 30% y para el resto 25%.<\/div>\n<\/div>\n<\/div>\n<p>&#8220;<strong>Tenemos un clima de di\u00e1logo que es muy importante.<\/strong>\u00a0Los chilenos nos quieren ver conversando. Quiero agradecer a la oposici\u00f3n y al oficialismo, y me quedo con una sensaci\u00f3n positiva con lo que viene&#8221;, dijo el ministro de Hacienda, Ignacio Briones.<\/p>\n<p>&#8220;Es tiempo de romper el estatus quo de c\u00f3mo estamos enfrentando el Presupuesto, de c\u00f3mo estamos priorizando el gasto.\u00a0<strong>Si les estamos pidiendo un esfuerzo tributario a los chilenos<\/strong>, ese esfuerzo exige como debe moral a nosotros como autoridades, como Estado, que esos recursos se utilicen bien&#8221;, agreg\u00f3.<\/p>\n","protected":false},"excerpt":{"rendered":"<p>El\u00a0Congreso despach\u00f3 el presupuesto 2020, luego que el Senado y la C\u00e1mara de Diputados ratificaran la iniciativa consensuada en comisi\u00f3n mixta. Tras el debate, se&#8230;<\/p>\n","protected":false},"author":2,"featured_media":5206,"comment_status":"closed","ping_status":"open","sticky":false,"template":"","format":"standard","meta":{"footnotes":""},"categories":[4,267],"tags":[],"_links":{"self":[{"href":"http:\/\/www.primeranota.cl\/web\/wp-json\/wp\/v2\/posts\/11194"}],"collection":[{"href":"http:\/\/www.primeranota.cl\/web\/wp-json\/wp\/v2\/posts"}],"about":[{"href":"http:\/\/www.primeranota.cl\/web\/wp-json\/wp\/v2\/types\/post"}],"author":[{"embeddable":true,"href":"http:\/\/www.primeranota.cl\/web\/wp-json\/wp\/v2\/users\/2"}],"replies":[{"embeddable":true,"href":"http:\/\/www.primeranota.cl\/web\/wp-json\/wp\/v2\/comments?post=11194"}],"version-history":[{"count":1,"href":"http:\/\/www.primeranota.cl\/web\/wp-json\/wp\/v2\/posts\/11194\/revisions"}],"predecessor-version":[{"id":11195,"href":"http:\/\/www.primeranota.cl\/web\/wp-json\/wp\/v2\/posts\/11194\/revisions\/11195"}],"wp:featuredmedia":[{"embeddable":true,"href":"http:\/\/www.primeranota.cl\/web\/wp-json\/wp\/v2\/media\/5206"}],"wp:attachment":[{"href":"http:\/\/www.primeranota.cl\/web\/wp-json\/wp\/v2\/media?parent=11194"}],"wp:term":[{"taxonomy":"category","embeddable":true,"href":"http:\/\/www.primeranota.cl\/web\/wp-json\/wp\/v2\/categories?post=11194"},{"taxonomy":"post_tag","embeddable":true,"href":"http:\/\/www.primeranota.cl\/web\/wp-json\/wp\/v2\/tags?post=11194"}],"curies":[{"name":"wp","href":"https:\/\/api.w.org\/{rel}","templated":true}]}}