{"id":11213,"date":"2019-11-29T08:02:36","date_gmt":"2019-11-29T11:02:36","guid":{"rendered":"http:\/\/www.primeranota.cl\/web\/?p=11213"},"modified":"2019-11-29T08:02:36","modified_gmt":"2019-11-29T11:02:36","slug":"camara-aprobo-acusacion-constitucional-contra-ex-ministro-chadwick","status":"publish","type":"post","link":"http:\/\/www.primeranota.cl\/web\/pais\/camara-aprobo-acusacion-constitucional-contra-ex-ministro-chadwick\/","title":{"rendered":"C\u00e1mara aprob\u00f3 acusaci\u00f3n constitucional contra ex ministro Chadwick"},"content":{"rendered":"<p>La\u00a0<strong>C\u00e1mara de Diputados aprob\u00f3 este jueves la admisibilidad de la acusaci\u00f3n constitucional<\/strong>\u00a0contra el ex ministro del Interior\u00a0<strong>Andr\u00e9s Chadwick (UDI).<\/strong><\/p>\n<p>La sesi\u00f3n se desarroll\u00f3 sin la presencia del ex titular de Interior en la Sala y sin ministros.<\/p>\n<p>La acusaci\u00f3n\u00a0<strong>obtuvo\u00a079 votos a favor, 71 en contra y una abstenci\u00f3n,\u00a0<\/strong>gener\u00e1ndose<strong>\u00a0una discusi\u00f3n en la Sala por el voto del diputado RN Crist\u00f3bal Urruticoechea que apareci\u00f3 a favor, pese a haber sido en contra, &#8220;por un problema en su pupitre&#8221;.<\/strong><\/p>\n<p><strong>Si bien Chile Vamos pidi\u00f3 repetir la votaci\u00f3n &#8220;para que quede bien registrado&#8221;, esto fue rechazado por los diputados\u00a0<\/strong>y desde la corporaci\u00f3n explicaron que su voto en contra s\u00ed qued\u00f3 registrado.<\/p>\n<p>El presidente de la C\u00e1mara,<strong>\u00a0Iv\u00e1n Flores<\/strong>\u00a0(DC), explic\u00f3 que &#8220;al apretar en la botonera, que tiene tres colores para votar a favor, en contra o en abstenci\u00f3n, a<strong>parentemente uno de los botones qued\u00f3 trabado y le qued\u00f3 marcando a favor<\/strong>\u00a0de la acusaci\u00f3n&#8221;.<\/p>\n<p>&#8220;\u00c9l lo corrigi\u00f3 inmediatamente cuando no pudo destrabarlo, y ese voto a favor, -que en la pantalla sumaba 80 votos-,\u00a0<strong>se descont\u00f3 manualmente<\/strong>\u00a0y por lo tanto, qued\u00f3 registrado que son 79 votos a favor, 71 votos en contra de la acusaci\u00f3n, donde est\u00e1 sumado el voto del diputado, y una abstenci\u00f3n&#8221;, concluy\u00f3.<\/p>\n","protected":false},"excerpt":{"rendered":"<p>La\u00a0C\u00e1mara de Diputados aprob\u00f3 este jueves la admisibilidad de la acusaci\u00f3n constitucional\u00a0contra el ex ministro del Interior\u00a0Andr\u00e9s Chadwick (UDI). La sesi\u00f3n se desarroll\u00f3 sin la&#8230;<\/p>\n","protected":false},"author":2,"featured_media":3944,"comment_status":"closed","ping_status":"open","sticky":false,"template":"","format":"standard","meta":{"footnotes":""},"categories":[4,267],"tags":[],"_links":{"self":[{"href":"http:\/\/www.primeranota.cl\/web\/wp-json\/wp\/v2\/posts\/11213"}],"collection":[{"href":"http:\/\/www.primeranota.cl\/web\/wp-json\/wp\/v2\/posts"}],"about":[{"href":"http:\/\/www.primeranota.cl\/web\/wp-json\/wp\/v2\/types\/post"}],"author":[{"embeddable":true,"href":"http:\/\/www.primeranota.cl\/web\/wp-json\/wp\/v2\/users\/2"}],"replies":[{"embeddable":true,"href":"http:\/\/www.primeranota.cl\/web\/wp-json\/wp\/v2\/comments?post=11213"}],"version-history":[{"count":1,"href":"http:\/\/www.primeranota.cl\/web\/wp-json\/wp\/v2\/posts\/11213\/revisions"}],"predecessor-version":[{"id":11214,"href":"http:\/\/www.primeranota.cl\/web\/wp-json\/wp\/v2\/posts\/11213\/revisions\/11214"}],"wp:featuredmedia":[{"embeddable":true,"href":"http:\/\/www.primeranota.cl\/web\/wp-json\/wp\/v2\/media\/3944"}],"wp:attachment":[{"href":"http:\/\/www.primeranota.cl\/web\/wp-json\/wp\/v2\/media?parent=11213"}],"wp:term":[{"taxonomy":"category","embeddable":true,"href":"http:\/\/www.primeranota.cl\/web\/wp-json\/wp\/v2\/categories?post=11213"},{"taxonomy":"post_tag","embeddable":true,"href":"http:\/\/www.primeranota.cl\/web\/wp-json\/wp\/v2\/tags?post=11213"}],"curies":[{"name":"wp","href":"https:\/\/api.w.org\/{rel}","templated":true}]}}