{"id":11506,"date":"2019-12-16T07:37:19","date_gmt":"2019-12-16T10:37:19","guid":{"rendered":"http:\/\/www.primeranota.cl\/web\/?p=11506"},"modified":"2019-12-16T07:37:19","modified_gmt":"2019-12-16T10:37:19","slug":"cadem-desaprobacion-del-presidente-pinera-llega-al-79","status":"publish","type":"post","link":"http:\/\/www.primeranota.cl\/web\/pais\/cadem-desaprobacion-del-presidente-pinera-llega-al-79\/","title":{"rendered":"Cadem: Desaprobaci\u00f3n del Presidente Pi\u00f1era llega al 79%"},"content":{"rendered":"<p>A casi dos meses de que comenzara la crisis social, la desaprobaci\u00f3n del Presidente Sebasti\u00e1n Pi\u00f1era lleg\u00f3 al 79%, dos puntos porcentuales m\u00e1s que la semana pasada, seg\u00fan revel\u00f3 este lunes la encuesta Plaza P\u00fablica de Cadem.<\/p>\n<p>En tanto, el rechazo al desempe\u00f1o actual del equipo de ministras y ministros del Mandatario anot\u00f3 una subida de dos puntos porcentuales, al 78%, pero mantuvo su apoyo en el 15%. Al preguntar \u00bfcu\u00e1l es el principal problema al que deber\u00eda dedicar el mayor esfuerzo en solucionar el gobierno? el 36% dijo que las pensiones y salud, mientras que el 29% sostuvo que el empleo, sueldos y costos de vida, y el 22% educaci\u00f3n.<\/p>\n<p>Junto con ello, la encuesta determin\u00f3 que 74% de los consultados sostuvo que Chile va por un mal camino en aspectos pol\u00edticos, econ\u00f3micos y sociales. 21% sostuvo que por buen camino. Asimismo, el 93% apunt\u00f3 que la econom\u00eda chilena est\u00e1 estancada y retrocediendo. S\u00f3lo el 6% dijo que estaba progresando.<\/p>\n<p>Fuente: Emol.com<\/p>\n","protected":false},"excerpt":{"rendered":"<p>A casi dos meses de que comenzara la crisis social, la desaprobaci\u00f3n del Presidente Sebasti\u00e1n Pi\u00f1era lleg\u00f3 al 79%, dos puntos porcentuales m\u00e1s que la&#8230;<\/p>\n","protected":false},"author":2,"featured_media":4995,"comment_status":"closed","ping_status":"open","sticky":false,"template":"","format":"standard","meta":{"footnotes":""},"categories":[4,267],"tags":[],"_links":{"self":[{"href":"http:\/\/www.primeranota.cl\/web\/wp-json\/wp\/v2\/posts\/11506"}],"collection":[{"href":"http:\/\/www.primeranota.cl\/web\/wp-json\/wp\/v2\/posts"}],"about":[{"href":"http:\/\/www.primeranota.cl\/web\/wp-json\/wp\/v2\/types\/post"}],"author":[{"embeddable":true,"href":"http:\/\/www.primeranota.cl\/web\/wp-json\/wp\/v2\/users\/2"}],"replies":[{"embeddable":true,"href":"http:\/\/www.primeranota.cl\/web\/wp-json\/wp\/v2\/comments?post=11506"}],"version-history":[{"count":1,"href":"http:\/\/www.primeranota.cl\/web\/wp-json\/wp\/v2\/posts\/11506\/revisions"}],"predecessor-version":[{"id":11507,"href":"http:\/\/www.primeranota.cl\/web\/wp-json\/wp\/v2\/posts\/11506\/revisions\/11507"}],"wp:featuredmedia":[{"embeddable":true,"href":"http:\/\/www.primeranota.cl\/web\/wp-json\/wp\/v2\/media\/4995"}],"wp:attachment":[{"href":"http:\/\/www.primeranota.cl\/web\/wp-json\/wp\/v2\/media?parent=11506"}],"wp:term":[{"taxonomy":"category","embeddable":true,"href":"http:\/\/www.primeranota.cl\/web\/wp-json\/wp\/v2\/categories?post=11506"},{"taxonomy":"post_tag","embeddable":true,"href":"http:\/\/www.primeranota.cl\/web\/wp-json\/wp\/v2\/tags?post=11506"}],"curies":[{"name":"wp","href":"https:\/\/api.w.org\/{rel}","templated":true}]}}