{"id":11617,"date":"2019-12-24T07:09:34","date_gmt":"2019-12-24T10:09:34","guid":{"rendered":"http:\/\/www.primeranota.cl\/web\/?p=11617"},"modified":"2019-12-24T07:10:20","modified_gmt":"2019-12-24T10:10:20","slug":"pinera-y-proceso-constituyente-nos-debe-servir-para-dejar-atras-la-violencia-y-las-divisiones","status":"publish","type":"post","link":"http:\/\/www.primeranota.cl\/web\/pais\/pinera-y-proceso-constituyente-nos-debe-servir-para-dejar-atras-la-violencia-y-las-divisiones\/","title":{"rendered":"Pi\u00f1era y proceso constituyente: &#8220;Nos debe servir para dejar atr\u00e1s la violencia y las divisiones&#8221;"},"content":{"rendered":"<p><strong>Sebasti\u00e1n Pi\u00f1era<\/strong>\u00a0encabez\u00f3 la ceremonia en la que se promulg\u00f3 la reforma que permite el proceso constituyente y asegur\u00f3 que &#8220;este plebiscito, el primero en 30 a\u00f1os,\u00a0<strong>nos debe servir para dejar atr\u00e1s la violencia y las divisiones<\/strong>\u00a0que hemos visto resurgir con dolor y tristeza durante estos d\u00edas&#8221;.<\/p>\n<p>En ceremonia celebrada en La Moneda, el presidente afirm\u00f3 que la nueva Constituci\u00f3n &#8220;debe ser el gran marco de unidad, estabilidad y certidumbre&#8221;\u00a0y para ello es \u201cfundamental que cuente con un amplio apoyo que le otorgue legitimidad\u201d.<\/p>\n<p><strong>\u201cNada une m\u00e1s a un pueblo que un proyecto ambicioso y a la vez realista<\/strong>\u201d, dijo.<\/p>\n<p>Pi\u00f1era destac\u00f3 que, si se decide redactar una nueva carta fundamental, esta ser\u00e1 escrita \u201cen total libertad y en democracia\u201d<\/p>\n<p>El mandatario asegur\u00f3 que, desde la reforma constitucional de 2005, el mundo \u201ccambi\u00f3 y mucho\u201d y que \u201cquiz\u00e1s\u00a0<strong>lo\u00a0que hemos vivido en los \u00faltimos 66 d\u00edas es una clara y elocuente muestra de ese cambio<\/strong>\u201d.<\/p>\n","protected":false},"excerpt":{"rendered":"<p>Sebasti\u00e1n Pi\u00f1era\u00a0encabez\u00f3 la ceremonia en la que se promulg\u00f3 la reforma que permite el proceso constituyente y asegur\u00f3 que &#8220;este plebiscito, el primero en 30&#8230;<\/p>\n","protected":false},"author":2,"featured_media":3580,"comment_status":"closed","ping_status":"open","sticky":false,"template":"","format":"standard","meta":{"footnotes":""},"categories":[4,267],"tags":[],"_links":{"self":[{"href":"http:\/\/www.primeranota.cl\/web\/wp-json\/wp\/v2\/posts\/11617"}],"collection":[{"href":"http:\/\/www.primeranota.cl\/web\/wp-json\/wp\/v2\/posts"}],"about":[{"href":"http:\/\/www.primeranota.cl\/web\/wp-json\/wp\/v2\/types\/post"}],"author":[{"embeddable":true,"href":"http:\/\/www.primeranota.cl\/web\/wp-json\/wp\/v2\/users\/2"}],"replies":[{"embeddable":true,"href":"http:\/\/www.primeranota.cl\/web\/wp-json\/wp\/v2\/comments?post=11617"}],"version-history":[{"count":1,"href":"http:\/\/www.primeranota.cl\/web\/wp-json\/wp\/v2\/posts\/11617\/revisions"}],"predecessor-version":[{"id":11618,"href":"http:\/\/www.primeranota.cl\/web\/wp-json\/wp\/v2\/posts\/11617\/revisions\/11618"}],"wp:featuredmedia":[{"embeddable":true,"href":"http:\/\/www.primeranota.cl\/web\/wp-json\/wp\/v2\/media\/3580"}],"wp:attachment":[{"href":"http:\/\/www.primeranota.cl\/web\/wp-json\/wp\/v2\/media?parent=11617"}],"wp:term":[{"taxonomy":"category","embeddable":true,"href":"http:\/\/www.primeranota.cl\/web\/wp-json\/wp\/v2\/categories?post=11617"},{"taxonomy":"post_tag","embeddable":true,"href":"http:\/\/www.primeranota.cl\/web\/wp-json\/wp\/v2\/tags?post=11617"}],"curies":[{"name":"wp","href":"https:\/\/api.w.org\/{rel}","templated":true}]}}