{"id":11899,"date":"2020-01-18T12:33:38","date_gmt":"2020-01-18T15:33:38","guid":{"rendered":"http:\/\/www.primeranota.cl\/web\/?p=11899"},"modified":"2020-01-21T08:42:59","modified_gmt":"2020-01-21T11:42:59","slug":"dc-araucania-desarrolla-jornada-yo-apruebo-con-laura-albornoz","status":"publish","type":"post","link":"http:\/\/www.primeranota.cl\/web\/entrevistas\/dc-araucania-desarrolla-jornada-yo-apruebo-con-laura-albornoz\/","title":{"rendered":"DC Araucan\u00eda desarrolla jornada \u201cYo Apruebo\u201d con Laura Albornoz"},"content":{"rendered":"<p><strong>En el marco de la campa\u00f1a por la opci\u00f3n \u201cYo Apruebo\u201d de la Democracia Cristiana, se desarroll\u00f3 en la ma\u00f1ana de hoy una jornada de capacitaci\u00f3n e informaci\u00f3n respecto de los alcances e importancia del plebiscito del 26 de abril en la capital regional, con una alta participaci\u00f3n de militantes. La jornada estuvo a cargo de Laura Albornoz, presidenta del congreso ideol\u00f3gico de DC, quien converso sobre la realidad pol\u00edtica regional con Primeranota.cl<\/strong><\/p>\n<p><strong>Unidad en la DC regional<\/strong><\/p>\n<p><em>Como una prueba del consenso y la unidad defini\u00f3 Albornoz el esp\u00edritu de la Democracia Cristiana en la regi\u00f3n, despu\u00e9s de la elecci\u00f3n desarrollada durante la semana pasada, \u201cesto es muy importante, nosotros somos una familia, este ser\u00e1 un a\u00f1o muy dif\u00edcil para el pa\u00eds y debemos ser capaces de ofrecer una alternativa, la que debe estar fundamentada en la unidad y en los valores del comunitarismo, en los valores social cristianos y en la solidaridad\u201d.<\/em><\/p>\n<p><strong>Rechazo del oficialismo a una nueva constituci\u00f3n<\/strong><\/p>\n<p><em>&#8220;Yo creo que es un tema de consecuencia que la gente deber\u00e1 evaluar, es evidente la actitud de la UDI y de algunos sectores de Renovaci\u00f3n Nacional, ellos se comprometieron con el acuerdo por la paz y hoy se descuelgan. En este momento los partidos pol\u00edticos debemos demostrar consecuencia a la ciudadan\u00eda, no somos los partidos pol\u00edticos quienes tomamos la decisi\u00f3n, es un proceso democr\u00e1tico donde justamente la \u00fanica que puede determinar y tiene la sabidur\u00eda para para hacerlo de si necesitamos o no una nueva constituci\u00f3n es la ciudadan\u00eda&#8221;.<\/em><\/p>\n<p><strong>Huenchumilla como reflejo del pensamiento de la Democracia Cristiana<\/strong><\/p>\n<p><em>&#8220;El senador Huenchumilla es un fiel reflejo del pensamiento de la Democracia Cristiana, \u00e9l no solo tiene el reconocimiento a nivel nacional, \u00e9l es un hombre de estado y es un gran representante de la Democracia Cristiana, somos muchos los que quisi\u00e9ramos verlo en otros caminos enfrentando los problemas que hoy tenemos como pa\u00eds, con un gobierno desfondado con graves problemas para mantener el orden social y con graves y serias violaciones a los derechos humanos, esperamos que se cumplan al menos los acuerdos por parte del gobierno y creo que en este sentido Francisco Huenchumiilla tiene muchos que decir&#8221;.<\/em><\/p>\n","protected":false},"excerpt":{"rendered":"<p>En el marco de la campa\u00f1a por la opci\u00f3n \u201cYo Apruebo\u201d de la Democracia Cristiana, se desarroll\u00f3 en la ma\u00f1ana de hoy una jornada de&#8230;<\/p>\n","protected":false},"author":2,"featured_media":11930,"comment_status":"closed","ping_status":"open","sticky":false,"template":"","format":"standard","meta":{"footnotes":""},"categories":[255],"tags":[],"_links":{"self":[{"href":"http:\/\/www.primeranota.cl\/web\/wp-json\/wp\/v2\/posts\/11899"}],"collection":[{"href":"http:\/\/www.primeranota.cl\/web\/wp-json\/wp\/v2\/posts"}],"about":[{"href":"http:\/\/www.primeranota.cl\/web\/wp-json\/wp\/v2\/types\/post"}],"author":[{"embeddable":true,"href":"http:\/\/www.primeranota.cl\/web\/wp-json\/wp\/v2\/users\/2"}],"replies":[{"embeddable":true,"href":"http:\/\/www.primeranota.cl\/web\/wp-json\/wp\/v2\/comments?post=11899"}],"version-history":[{"count":1,"href":"http:\/\/www.primeranota.cl\/web\/wp-json\/wp\/v2\/posts\/11899\/revisions"}],"predecessor-version":[{"id":11901,"href":"http:\/\/www.primeranota.cl\/web\/wp-json\/wp\/v2\/posts\/11899\/revisions\/11901"}],"wp:featuredmedia":[{"embeddable":true,"href":"http:\/\/www.primeranota.cl\/web\/wp-json\/wp\/v2\/media\/11930"}],"wp:attachment":[{"href":"http:\/\/www.primeranota.cl\/web\/wp-json\/wp\/v2\/media?parent=11899"}],"wp:term":[{"taxonomy":"category","embeddable":true,"href":"http:\/\/www.primeranota.cl\/web\/wp-json\/wp\/v2\/categories?post=11899"},{"taxonomy":"post_tag","embeddable":true,"href":"http:\/\/www.primeranota.cl\/web\/wp-json\/wp\/v2\/tags?post=11899"}],"curies":[{"name":"wp","href":"https:\/\/api.w.org\/{rel}","templated":true}]}}