{"id":1221,"date":"2018-07-23T08:32:57","date_gmt":"2018-07-23T12:32:57","guid":{"rendered":"http:\/\/www.primeranota.cl\/web\/?p=1221"},"modified":"2018-07-23T11:04:02","modified_gmt":"2018-07-23T15:04:02","slug":"ministro-de-educacion-y-por-que-no-hacen-un-bingo","status":"publish","type":"post","link":"http:\/\/www.primeranota.cl\/web\/pais\/ministro-de-educacion-y-por-que-no-hacen-un-bingo\/","title":{"rendered":"Ministro de Educaci\u00f3n \u201c\u00bfY por qu\u00e9 no hacen un bingo?\u201d"},"content":{"rendered":"<p><strong>Nuevamente el ministro de educaci\u00f3n desato cr\u00edticas en redes sociales, en esta oportunidad fue por su discurso en una actividad en la que particip\u00f3 como representante de la cartera, en el que dio a conocer su postura respecto de las solicitudes de las comunidades educativas, ejemplificando, en el caso de la reparaci\u00f3n de colegios con la frase \u201c\u00bfY por qu\u00e9 no hacen un bingo?\u201d.<\/strong><br \/>\nEl ministro se\u00f1al\u00f3, &#8220;Yo me pregunto, \u00bfy por qu\u00e9 no hacen un bingo? \u00bfPor qu\u00e9 desde Santiago tengo que ir a arreglar el techo de un gimnasio?&#8221;.<br \/>\n\u201cEs com\u00fan escuchar grupos que protestan exigiendo que el Estado se haga cargo de problemas que son de todos nosotros. Todos los d\u00edas recibo reclamos de gente que quiere que el Ministerio le arregle el techo de un colegio que tiene gotera, o una sala de clases que tiene el piso malo\u201d, se\u00f1al\u00f3 el ministro, quien agreg\u00f3: \u201cY yo me pregunto, \u00bfy por qu\u00e9 no hacen un bingo? \u00bfPor qu\u00e9 desde Santiago tengo que ir a arreglar el techo de un gimnasio\u201d. Varela agreg\u00f3 que \u201cson los riesgos del asistencialismo. La gente no se hace cargo de sus problemas, sino que quiere que el resto lo haga\u201d.<\/p>\n","protected":false},"excerpt":{"rendered":"<p>Nuevamente el ministro de educaci\u00f3n desato cr\u00edticas en redes sociales, en esta oportunidad fue por su discurso en una actividad en la que particip\u00f3 como&#8230;<\/p>\n","protected":false},"author":2,"featured_media":1228,"comment_status":"closed","ping_status":"open","sticky":false,"template":"","format":"standard","meta":{"footnotes":""},"categories":[4,267],"tags":[],"_links":{"self":[{"href":"http:\/\/www.primeranota.cl\/web\/wp-json\/wp\/v2\/posts\/1221"}],"collection":[{"href":"http:\/\/www.primeranota.cl\/web\/wp-json\/wp\/v2\/posts"}],"about":[{"href":"http:\/\/www.primeranota.cl\/web\/wp-json\/wp\/v2\/types\/post"}],"author":[{"embeddable":true,"href":"http:\/\/www.primeranota.cl\/web\/wp-json\/wp\/v2\/users\/2"}],"replies":[{"embeddable":true,"href":"http:\/\/www.primeranota.cl\/web\/wp-json\/wp\/v2\/comments?post=1221"}],"version-history":[{"count":2,"href":"http:\/\/www.primeranota.cl\/web\/wp-json\/wp\/v2\/posts\/1221\/revisions"}],"predecessor-version":[{"id":1229,"href":"http:\/\/www.primeranota.cl\/web\/wp-json\/wp\/v2\/posts\/1221\/revisions\/1229"}],"wp:featuredmedia":[{"embeddable":true,"href":"http:\/\/www.primeranota.cl\/web\/wp-json\/wp\/v2\/media\/1228"}],"wp:attachment":[{"href":"http:\/\/www.primeranota.cl\/web\/wp-json\/wp\/v2\/media?parent=1221"}],"wp:term":[{"taxonomy":"category","embeddable":true,"href":"http:\/\/www.primeranota.cl\/web\/wp-json\/wp\/v2\/categories?post=1221"},{"taxonomy":"post_tag","embeddable":true,"href":"http:\/\/www.primeranota.cl\/web\/wp-json\/wp\/v2\/tags?post=1221"}],"curies":[{"name":"wp","href":"https:\/\/api.w.org\/{rel}","templated":true}]}}