{"id":12545,"date":"2020-03-04T11:26:19","date_gmt":"2020-03-04T14:26:19","guid":{"rendered":"http:\/\/www.primeranota.cl\/web\/?p=12545"},"modified":"2020-03-04T11:26:19","modified_gmt":"2020-03-04T14:26:19","slug":"consejo-regional-aprueba-emblematico-proyecto-de-agua-potable-en-zona-de-ex-vertedero-boyeco","status":"publish","type":"post","link":"http:\/\/www.primeranota.cl\/web\/region\/consejo-regional-aprueba-emblematico-proyecto-de-agua-potable-en-zona-de-ex-vertedero-boyeco\/","title":{"rendered":"Consejo Regional aprueba emblem\u00e1tico proyecto de agua potable en zona de ex vertedero Boyeco"},"content":{"rendered":"<p style=\"font-weight: 400;\">En forma un\u00e1nime, el pleno del Consejo Regional aprob\u00f3 $5 mil 519 millones, para la construcci\u00f3n de una esperada iniciativa de agua potable rural que beneficiar\u00e1 a cerca de 2 mil habitantes de las comunidades de Cinco Laureles, Tromen Alto y Bajo de Temuco, y que forman parte del \u00e1rea de afectaci\u00f3n del ex vertedero de Boyeco.<\/p>\n<p style=\"font-weight: 400;\">Se trata de una iniciativa que debi\u00f3 esperar 20 a\u00f1os, debido principalmente a que la contaminaci\u00f3n de las aguas subterr\u00e1neas y superficiales, imped\u00eda su factibilidad t\u00e9cnica. La fuente de abastecimiento del proyecto, proviene del R\u00edo Chol Chol, cauce desde el cual el comit\u00e9 posee derechos consuntivos, de ejercicio permanente y continuo, de 15 litros por segundo.<\/p>\n<p style=\"font-weight: 400;\">Claudio Aceit\u00f3n, Presidente de la Comisi\u00f3n de Agua Potable del Core, destac\u00f3 la posibilidad de satisfacer una necesidad muy querida por las comunidades beneficiadas. &#8220;Sin duda alguna que ello va a mejorar ostensiblemente la calidad de esa gente, estuvimos ya con la comisi\u00f3n, trabajando all\u00ed junto al alcalde, junto al intendente, que firm\u00f3 el mensaje en el mes de febrero y bueno materializar esto, que sin duda alguna para nosotros es motivo de mucha alegr\u00eda, porque muchas familias del sector van a poder acceder al agua potable&#8221;.<\/p>\n<p style=\"font-weight: 400;\">Para el Presidente del Core, Alejandro Mondaca, esta aprobaci\u00f3n genera sentimientos encontrados. &#8220;Nos da alegr\u00eda, que las familias del sector de Boyeco, en la comuna de Temuco, puedan contar en el futuro con agua potable de calidad, pero por otro lado queda esa sensaci\u00f3n negativa, haber esperado esas personas casi 20 a\u00f1os para que el agua pudiera llegar a sus viviendas, pero adem\u00e1s un sector que tiene un da\u00f1o ambiental generado por el ex vertedero de Boyeco, que lamentablemente dej\u00f3 las aguas del sector, aguas superficiales y aguas subterr\u00e1neas no aptas para el consumo humano&#8221;, expres\u00f3.<\/p>\n<p style=\"font-weight: 400;\">Mondaca dijo que este proyecto era de suma urgencia, hace muchos a\u00f1os, &#8220;y lamentablemente esto se fue dilatando en el tiempo y nosotros como Consejo Regional, hemos sido muy celeros, y \u00bfqu\u00e9 es lo que queremos?, queremos que este proyecto se pueda ejecutar en los tiempos que est\u00e1n estipulados, que la empresa que haga las obras le vaya bien para que no se retrasen las obras y las personas que viven all\u00ed, quienes necesitan el agua, porque el agua que tiene en su alrededor no es apta para el consumo, puedan contar lo antes posible con el vital elemento para vivir dignamente, pero tambi\u00e9n para proteger la salud de ni\u00f1os y familias que habitan en el sector&#8221;.<\/p>\n<p style=\"font-weight: 400;\">Mondaca afirm\u00f3 como Consejo Regional est\u00e1n contentos, y que esperan que los proyectos que llevan soluciones de verdad, para mejorar la calidad de vida de las personas, puedan ejecutarse de forma m\u00e1s r\u00e1pida, y no tener que esperar veinte a\u00f1os.<\/p>\n","protected":false},"excerpt":{"rendered":"<p>En forma un\u00e1nime, el pleno del Consejo Regional aprob\u00f3 $5 mil 519 millones, para la construcci\u00f3n de una esperada iniciativa de agua potable rural que&#8230;<\/p>\n","protected":false},"author":2,"featured_media":12546,"comment_status":"closed","ping_status":"open","sticky":false,"template":"","format":"standard","meta":{"footnotes":""},"categories":[267,3],"tags":[],"_links":{"self":[{"href":"http:\/\/www.primeranota.cl\/web\/wp-json\/wp\/v2\/posts\/12545"}],"collection":[{"href":"http:\/\/www.primeranota.cl\/web\/wp-json\/wp\/v2\/posts"}],"about":[{"href":"http:\/\/www.primeranota.cl\/web\/wp-json\/wp\/v2\/types\/post"}],"author":[{"embeddable":true,"href":"http:\/\/www.primeranota.cl\/web\/wp-json\/wp\/v2\/users\/2"}],"replies":[{"embeddable":true,"href":"http:\/\/www.primeranota.cl\/web\/wp-json\/wp\/v2\/comments?post=12545"}],"version-history":[{"count":1,"href":"http:\/\/www.primeranota.cl\/web\/wp-json\/wp\/v2\/posts\/12545\/revisions"}],"predecessor-version":[{"id":12547,"href":"http:\/\/www.primeranota.cl\/web\/wp-json\/wp\/v2\/posts\/12545\/revisions\/12547"}],"wp:featuredmedia":[{"embeddable":true,"href":"http:\/\/www.primeranota.cl\/web\/wp-json\/wp\/v2\/media\/12546"}],"wp:attachment":[{"href":"http:\/\/www.primeranota.cl\/web\/wp-json\/wp\/v2\/media?parent=12545"}],"wp:term":[{"taxonomy":"category","embeddable":true,"href":"http:\/\/www.primeranota.cl\/web\/wp-json\/wp\/v2\/categories?post=12545"},{"taxonomy":"post_tag","embeddable":true,"href":"http:\/\/www.primeranota.cl\/web\/wp-json\/wp\/v2\/tags?post=12545"}],"curies":[{"name":"wp","href":"https:\/\/api.w.org\/{rel}","templated":true}]}}