{"id":12918,"date":"2020-03-31T09:36:34","date_gmt":"2020-03-31T12:36:34","guid":{"rendered":"http:\/\/www.primeranota.cl\/web\/?p=12918"},"modified":"2020-03-31T09:36:34","modified_gmt":"2020-03-31T12:36:34","slug":"corte-de-temuco-acoge-a-tramitacion-recurso-de-proteccion-de-colegio-de-periodistas-contra-seremi-de-salud-ante-potenciales-contagios-de-covid-19","status":"publish","type":"post","link":"http:\/\/www.primeranota.cl\/web\/region\/corte-de-temuco-acoge-a-tramitacion-recurso-de-proteccion-de-colegio-de-periodistas-contra-seremi-de-salud-ante-potenciales-contagios-de-covid-19\/","title":{"rendered":"Corte de Temuco acoge a tramitaci\u00f3n recurso de protecci\u00f3n de Colegio de Periodistas contra Seremi de salud ante potenciales contagios de Covid-19"},"content":{"rendered":"<p style=\"font-weight: 400;\">La Corte de Apelaciones de Temuco acogi\u00f3 a tr\u00e1mite recurso de protecci\u00f3n deducido en contra del Ministerio de Salud, la seremi de Salud de La Araucan\u00eda y del Hospital Base Dr. Hern\u00e1n Henr\u00edquez Aravena, para que una treintena de periodistas y otros profesionales de medios de comunicaci\u00f3n que fueron convocados a puntos de prensa por la seremi Katia Guzm\u00e1n, quien se encuentra en cuarentena tras dar positivo en el examen de Covid-19, tengan acceso de manera oportuna a ex\u00e1menes y tratamientos, en caso de haberse contagiado, durante el ejercicio de sus funciones.<\/p>\n<p style=\"font-weight: 400;\">En fallo un\u00e1nime (causa rol 2.043-2020), la Primera Sala del tribunal de alzada \u2013integrada por el ministros Carlos Guti\u00e9rrez Zavala, Julio C\u00e9sar Grand\u00f3n Castro y el abogado integrante Roberto Fuentes Fern\u00e1ndez\u2013 acogi\u00f3 la acci\u00f3n de protecci\u00f3n y dio un plazo de ocho d\u00edas para que la parte recurrida evacue los informes respectivos.<\/p>\n<p style=\"font-weight: 400;\">&#8220;<strong><em>Se declara admisible el recurso de protecci\u00f3n, en consecuencia se ordena informe la recurrida dentro del plazo de ocho d\u00edas, adjuntando todos los antecedentes que sobre la materia digan relaci\u00f3n, bajo apercibimiento de prescindir de dicho informe si \u00e9ste no es evacuado dentro de dicho plazo, debiendo adem\u00e1s, en lo posible acompa\u00f1ar el informe respectivo en formato digital<\/em><\/strong>\u201d, consigna el fallo.<\/p>\n<p style=\"font-weight: 400;\">En los pr\u00f3ximos d\u00edas, la sala adelant\u00f3 que ver\u00e1 la solicitud de decretar\u00a0<strong>orden de no innovar<\/strong>, que busca hacer efectiva la realizaci\u00f3n de ex\u00e1menes de detecci\u00f3n del virus en los profesionales afectados, sin perjuicio de los plazos considerados en la tramitaci\u00f3n del recurso judicial.<\/p>\n","protected":false},"excerpt":{"rendered":"<p>La Corte de Apelaciones de Temuco acogi\u00f3 a tr\u00e1mite recurso de protecci\u00f3n deducido en contra del Ministerio de Salud, la seremi de Salud de La&#8230;<\/p>\n","protected":false},"author":2,"featured_media":12798,"comment_status":"closed","ping_status":"open","sticky":false,"template":"","format":"standard","meta":{"footnotes":""},"categories":[267,3],"tags":[],"_links":{"self":[{"href":"http:\/\/www.primeranota.cl\/web\/wp-json\/wp\/v2\/posts\/12918"}],"collection":[{"href":"http:\/\/www.primeranota.cl\/web\/wp-json\/wp\/v2\/posts"}],"about":[{"href":"http:\/\/www.primeranota.cl\/web\/wp-json\/wp\/v2\/types\/post"}],"author":[{"embeddable":true,"href":"http:\/\/www.primeranota.cl\/web\/wp-json\/wp\/v2\/users\/2"}],"replies":[{"embeddable":true,"href":"http:\/\/www.primeranota.cl\/web\/wp-json\/wp\/v2\/comments?post=12918"}],"version-history":[{"count":1,"href":"http:\/\/www.primeranota.cl\/web\/wp-json\/wp\/v2\/posts\/12918\/revisions"}],"predecessor-version":[{"id":12919,"href":"http:\/\/www.primeranota.cl\/web\/wp-json\/wp\/v2\/posts\/12918\/revisions\/12919"}],"wp:featuredmedia":[{"embeddable":true,"href":"http:\/\/www.primeranota.cl\/web\/wp-json\/wp\/v2\/media\/12798"}],"wp:attachment":[{"href":"http:\/\/www.primeranota.cl\/web\/wp-json\/wp\/v2\/media?parent=12918"}],"wp:term":[{"taxonomy":"category","embeddable":true,"href":"http:\/\/www.primeranota.cl\/web\/wp-json\/wp\/v2\/categories?post=12918"},{"taxonomy":"post_tag","embeddable":true,"href":"http:\/\/www.primeranota.cl\/web\/wp-json\/wp\/v2\/tags?post=12918"}],"curies":[{"name":"wp","href":"https:\/\/api.w.org\/{rel}","templated":true}]}}