{"id":12987,"date":"2020-04-05T09:38:23","date_gmt":"2020-04-05T13:38:23","guid":{"rendered":"http:\/\/www.primeranota.cl\/web\/?p=12987"},"modified":"2020-04-05T09:38:23","modified_gmt":"2020-04-05T13:38:23","slug":"pinera-si-una-persona-condenada-por-dd-hh-se-esta-muriendo-debiesemos-darle-el-beneficio-de-morir-en-casa","status":"publish","type":"post","link":"http:\/\/www.primeranota.cl\/web\/pais\/pinera-si-una-persona-condenada-por-dd-hh-se-esta-muriendo-debiesemos-darle-el-beneficio-de-morir-en-casa\/","title":{"rendered":"Pi\u00f1era: &#8220;Si una persona condenada por DD.HH. se est\u00e1 muriendo, debi\u00e9semos darle el beneficio de morir en casa&#8221;"},"content":{"rendered":"<p>En una entrevista que concedi\u00f3 el viernes a la asociaci\u00f3n Regional de Canales de Televisi\u00f3n (Arcatel), y que ser\u00e1 emitida hoy, el Presidente Sebasti\u00e1n Pi\u00f1era analiz\u00f3 el caso de las personas que cumplen condena, por ejemplo, en Punta Peuco, en medio del debate que se ha generado por el proyecto de indulto conmutativo. &#8220;Las personas que son enfermos terminales, que se est\u00e1n literalmente muriendo de enfermedades grav\u00edsimas (&#8230;) creo que tienen derecho a una muerte con dignidad. Pero no solamente los condenados de Punta Peuco; esto no distingue por crimen&#8221;, sostuvo. Y remarc\u00f3: &#8220;Una persona que est\u00e9 condenada por cr\u00edmenes de DD.HH. o de cualquier naturaleza que se est\u00e1 muriendo, yo creo que debi\u00e9semos darle el beneficio de que se muere en su casa&#8221;.<\/p>\n<p>Fuente: Emol.com<\/p>\n","protected":false},"excerpt":{"rendered":"<p>En una entrevista que concedi\u00f3 el viernes a la asociaci\u00f3n Regional de Canales de Televisi\u00f3n (Arcatel), y que ser\u00e1 emitida hoy, el Presidente Sebasti\u00e1n Pi\u00f1era&#8230;<\/p>\n","protected":false},"author":2,"featured_media":1471,"comment_status":"closed","ping_status":"open","sticky":false,"template":"","format":"standard","meta":{"footnotes":""},"categories":[4,267],"tags":[],"_links":{"self":[{"href":"http:\/\/www.primeranota.cl\/web\/wp-json\/wp\/v2\/posts\/12987"}],"collection":[{"href":"http:\/\/www.primeranota.cl\/web\/wp-json\/wp\/v2\/posts"}],"about":[{"href":"http:\/\/www.primeranota.cl\/web\/wp-json\/wp\/v2\/types\/post"}],"author":[{"embeddable":true,"href":"http:\/\/www.primeranota.cl\/web\/wp-json\/wp\/v2\/users\/2"}],"replies":[{"embeddable":true,"href":"http:\/\/www.primeranota.cl\/web\/wp-json\/wp\/v2\/comments?post=12987"}],"version-history":[{"count":1,"href":"http:\/\/www.primeranota.cl\/web\/wp-json\/wp\/v2\/posts\/12987\/revisions"}],"predecessor-version":[{"id":12988,"href":"http:\/\/www.primeranota.cl\/web\/wp-json\/wp\/v2\/posts\/12987\/revisions\/12988"}],"wp:featuredmedia":[{"embeddable":true,"href":"http:\/\/www.primeranota.cl\/web\/wp-json\/wp\/v2\/media\/1471"}],"wp:attachment":[{"href":"http:\/\/www.primeranota.cl\/web\/wp-json\/wp\/v2\/media?parent=12987"}],"wp:term":[{"taxonomy":"category","embeddable":true,"href":"http:\/\/www.primeranota.cl\/web\/wp-json\/wp\/v2\/categories?post=12987"},{"taxonomy":"post_tag","embeddable":true,"href":"http:\/\/www.primeranota.cl\/web\/wp-json\/wp\/v2\/tags?post=12987"}],"curies":[{"name":"wp","href":"https:\/\/api.w.org\/{rel}","templated":true}]}}