{"id":13165,"date":"2020-04-16T16:29:07","date_gmt":"2020-04-16T20:29:07","guid":{"rendered":"http:\/\/www.primeranota.cl\/web\/?p=13165"},"modified":"2020-04-16T16:29:07","modified_gmt":"2020-04-16T20:29:07","slug":"padre-las-casas-y-nueva-imperial-mantienen-cordones-sanitarios","status":"publish","type":"post","link":"http:\/\/www.primeranota.cl\/web\/region\/padre-las-casas-y-nueva-imperial-mantienen-cordones-sanitarios\/","title":{"rendered":"Padre las Casas y Nueva Imperial mantienen cordones sanitarios"},"content":{"rendered":"<p>Aunque el Ministerio de Salud decret\u00f3 el levantamiento de la cuarentena total para las comunas de Padre Las Casas y el radio urbano de Nueva Imperial, desde las 22 horas de este jueves 16 de abril, la Autoridad Sanitaria mantendr\u00e1 los 18 cordones sanitarios para evitar que contin\u00fae la expansi\u00f3n del COVID-19.<\/p>\n<p>La Seremi de Salud (s) Dra. Gloria Rodr\u00edguez Moretti detall\u00f3 que en estos cordones implementados por la Autoridad Sanitaria desde que se decret\u00f3 cuarentena para Temuco y Padre Las Casas, se controla a todas las personas que circulan a trav\u00e9s de ellos, en conjunto con personal de las Fuerzas Armadas y de Orden.<\/p>\n<p>La Autoridad Sanitaria regional explic\u00f3 que en estos cordones sanitarios \u201cse controla temperatura 12 horas del d\u00eda a todo quien circule por esa zona y en caso de presentarse una persona con fiebre, se deriva al centro asistencial del sector en coordinaci\u00f3n con la atenci\u00f3n primaria\u201d. Hasta ayer, los cordones aplicados en la regi\u00f3n por la SEREMI de Salud y atenci\u00f3n primaria de Imperial hab\u00edan controlado a 13.924 personas, con solo una derivaci\u00f3n a un centro asistencial.<\/p>\n<p>Los cordones aplicados hasta la fecha tienen un car\u00e1cter de indefinido, hasta que las condiciones epidemiol\u00f3gicas permitan su suspensi\u00f3n.<\/p>\n<p>En la Regi\u00f3n de La Araucan\u00eda tambi\u00e9n se mantienen las aduanas sanitarias en Pino Hachado y el Aeropuerto Araucan\u00eda, un punto de parada obligatoria por el que deber\u00e1n pasar todas las personas antes de ingresar a una regi\u00f3n o comuna establecida y donde se les realiza a los viajeros control sanitario y de identidad. Si las personas presentan temperatura o se les define como sospechosos, no podr\u00e1n ingresar a la regi\u00f3n.<\/p>\n<p>La Dra. Rodr\u00edguez reiter\u00f3 adem\u00e1s que, aunque se levante la cuarentena, \u201cno podemos dejar de respetar nuestras medidas de protecci\u00f3n, mantener nuestros resguardos y la invitaci\u00f3n a la comunidad es a permanecer en sus hogares\u201d.<\/p>\n<p>Por ello la indicaci\u00f3n del Ministerio de Salud es que se mantienen las medidas de aislamiento vigentes, adem\u00e1s del uso de mascarilla en lugares donde se produce aglomeraci\u00f3n, transporte p\u00fablico y privado remunerado, el toque de queda y la cuarentena obligatoria en el caso de los adultos mayores.<\/p>\n<p>Desde el Ministerio de Salud se inform\u00f3 que las decisiones de cuarentena se adoptan de acuerdo a la situaci\u00f3n epidemiol\u00f3gica, es decir, cu\u00e1ntas personas se van infectando en funci\u00f3n de un lugar, de un terreno y en relaci\u00f3n al n\u00famero de poblaci\u00f3n. Por ello todas las medidas son renovables y reversibles.<\/p>\n<p>RECOMENDACIONES<\/p>\n<ul>\n<li>L\u00e1vese las manos frecuentemente con agua y jab\u00f3n<\/li>\n<li>Mant\u00e9ngase en su domicilio. Salga s\u00f3lo si es necesario.<\/li>\n<li>Si debe salir, mantenga 1 metro o m\u00e1s de distancia con otras personas.<\/li>\n<li>Evite aglomeraciones<\/li>\n<li>Use mascarillas para circular en transporte p\u00fablico, supermercados, bancos u otros.<\/li>\n<li>Si presenta s\u00edntomas como fiebre, tos seca, cansancio o falta de aire, concurra a un centro asistencial o pida evaluaci\u00f3n m\u00e9dica.<\/li>\n<\/ul>\n","protected":false},"excerpt":{"rendered":"<p>Aunque el Ministerio de Salud decret\u00f3 el levantamiento de la cuarentena total para las comunas de Padre Las Casas y el radio urbano de Nueva&#8230;<\/p>\n","protected":false},"author":2,"featured_media":13166,"comment_status":"closed","ping_status":"open","sticky":false,"template":"","format":"standard","meta":{"footnotes":""},"categories":[267,3],"tags":[],"_links":{"self":[{"href":"http:\/\/www.primeranota.cl\/web\/wp-json\/wp\/v2\/posts\/13165"}],"collection":[{"href":"http:\/\/www.primeranota.cl\/web\/wp-json\/wp\/v2\/posts"}],"about":[{"href":"http:\/\/www.primeranota.cl\/web\/wp-json\/wp\/v2\/types\/post"}],"author":[{"embeddable":true,"href":"http:\/\/www.primeranota.cl\/web\/wp-json\/wp\/v2\/users\/2"}],"replies":[{"embeddable":true,"href":"http:\/\/www.primeranota.cl\/web\/wp-json\/wp\/v2\/comments?post=13165"}],"version-history":[{"count":1,"href":"http:\/\/www.primeranota.cl\/web\/wp-json\/wp\/v2\/posts\/13165\/revisions"}],"predecessor-version":[{"id":13167,"href":"http:\/\/www.primeranota.cl\/web\/wp-json\/wp\/v2\/posts\/13165\/revisions\/13167"}],"wp:featuredmedia":[{"embeddable":true,"href":"http:\/\/www.primeranota.cl\/web\/wp-json\/wp\/v2\/media\/13166"}],"wp:attachment":[{"href":"http:\/\/www.primeranota.cl\/web\/wp-json\/wp\/v2\/media?parent=13165"}],"wp:term":[{"taxonomy":"category","embeddable":true,"href":"http:\/\/www.primeranota.cl\/web\/wp-json\/wp\/v2\/categories?post=13165"},{"taxonomy":"post_tag","embeddable":true,"href":"http:\/\/www.primeranota.cl\/web\/wp-json\/wp\/v2\/tags?post=13165"}],"curies":[{"name":"wp","href":"https:\/\/api.w.org\/{rel}","templated":true}]}}