{"id":1374,"date":"2018-07-27T08:40:47","date_gmt":"2018-07-27T12:40:47","guid":{"rendered":"http:\/\/www.primeranota.cl\/web\/?p=1374"},"modified":"2018-07-27T10:48:37","modified_gmt":"2018-07-27T14:48:37","slug":"movimiento-social-patriota-se-adjudica-actos-de-violencia-en-marcha","status":"publish","type":"post","link":"http:\/\/www.primeranota.cl\/web\/pais\/movimiento-social-patriota-se-adjudica-actos-de-violencia-en-marcha\/","title":{"rendered":"Movimiento Social Patriota se adjudica actos de violencia en marcha"},"content":{"rendered":"<p>The Clinic<\/p>\n<p><strong>La instalaci\u00f3n de barricadas y \u201cpintar la Alameda con sangre\u201d en contraprotesta de manifestaci\u00f3n pro aborto.<\/strong><\/p>\n<p>El autodenominado vocero de esa agrupaci\u00f3n Pedro Kunstmann, declar\u00f3 en la red social de micromensajes que \u201cLos SocialPatriotas nos hacemos cargo de la protesta contra el aborto de calle Alameda !! Contra las asesinas radicales, patriotas radicales\u201d.<\/p>\n<p>El pol\u00e9mico Movimiento Social Patriota se adjudic\u00f3 a trav\u00e9s de Twitter la autor\u00eda de la contraprotesta contra las manifestantes que hoy marcharon en favor del aborto libre por Alameda, protesta en la que tres mujeres terminaron apu\u00f1aladas.<\/p>\n<p>A trav\u00e9s de su cuenta de Twitter la agrupaci\u00f3n asegur\u00f3 adem\u00e1s con un video que \u201cPintamos la Alameda con sangre y visceras animales para recordarles a la #Aborteras que aquello buscan es dar muerte a ni\u00f1os. Esperamos que el olor a podredumbre las traiga de regreso al mundo real\u201d.<\/p>\n<p>Cerca de las 20 horas adem\u00e1s subieron otro registro anunciando que \u201cNo vamos a permitir que destruyan Chile. Progres con los Socialpatriotas no la tendr\u00e1n f\u00e1cil! La contra que hemos hecho en la marcha de las asesinas no aparecer\u00e1 en TV\u201d.<\/p>\n<p>El autodenominado vocero de esa agrupaci\u00f3n Pedro Kunstmann, declar\u00f3 en la red social de micromensajes que \u201cLos SocialPatriotas nos hacemos cargo de la protesta contra el aborto de calle Alameda !! Contra las asesinas radicales, patriotas radicales\u201d.<\/p>\n","protected":false},"excerpt":{"rendered":"<p>The Clinic La instalaci\u00f3n de barricadas y \u201cpintar la Alameda con sangre\u201d en contraprotesta de manifestaci\u00f3n pro aborto. El autodenominado vocero de esa agrupaci\u00f3n Pedro&#8230;<\/p>\n","protected":false},"author":2,"featured_media":1375,"comment_status":"closed","ping_status":"open","sticky":false,"template":"","format":"standard","meta":{"footnotes":""},"categories":[4],"tags":[],"_links":{"self":[{"href":"http:\/\/www.primeranota.cl\/web\/wp-json\/wp\/v2\/posts\/1374"}],"collection":[{"href":"http:\/\/www.primeranota.cl\/web\/wp-json\/wp\/v2\/posts"}],"about":[{"href":"http:\/\/www.primeranota.cl\/web\/wp-json\/wp\/v2\/types\/post"}],"author":[{"embeddable":true,"href":"http:\/\/www.primeranota.cl\/web\/wp-json\/wp\/v2\/users\/2"}],"replies":[{"embeddable":true,"href":"http:\/\/www.primeranota.cl\/web\/wp-json\/wp\/v2\/comments?post=1374"}],"version-history":[{"count":1,"href":"http:\/\/www.primeranota.cl\/web\/wp-json\/wp\/v2\/posts\/1374\/revisions"}],"predecessor-version":[{"id":1376,"href":"http:\/\/www.primeranota.cl\/web\/wp-json\/wp\/v2\/posts\/1374\/revisions\/1376"}],"wp:featuredmedia":[{"embeddable":true,"href":"http:\/\/www.primeranota.cl\/web\/wp-json\/wp\/v2\/media\/1375"}],"wp:attachment":[{"href":"http:\/\/www.primeranota.cl\/web\/wp-json\/wp\/v2\/media?parent=1374"}],"wp:term":[{"taxonomy":"category","embeddable":true,"href":"http:\/\/www.primeranota.cl\/web\/wp-json\/wp\/v2\/categories?post=1374"},{"taxonomy":"post_tag","embeddable":true,"href":"http:\/\/www.primeranota.cl\/web\/wp-json\/wp\/v2\/tags?post=1374"}],"curies":[{"name":"wp","href":"https:\/\/api.w.org\/{rel}","templated":true}]}}