{"id":1389,"date":"2018-07-27T13:22:08","date_gmt":"2018-07-27T17:22:08","guid":{"rendered":"http:\/\/www.primeranota.cl\/web\/?p=1389"},"modified":"2018-07-27T13:39:03","modified_gmt":"2018-07-27T17:39:03","slug":"autorizan-a-celestino-cordova-a-visitar-su-rehue","status":"publish","type":"post","link":"http:\/\/www.primeranota.cl\/web\/pais\/autorizan-a-celestino-cordova-a-visitar-su-rehue\/","title":{"rendered":"Autorizan a Celestino C\u00f3rdova a visitar su rehue"},"content":{"rendered":"<p>Fuente Cooperativa<\/p>\n<p><strong>El ministro de Justicia, Hern\u00e1n Larra\u00edn, asegur\u00f3 que el apoyo de la familia de las v\u00edctimas se tom\u00f3 en cuenta a la hora de tomar la decisi\u00f3n.<\/strong><\/p>\n<p>Gendarmer\u00eda autoriz\u00f3 al machi Celestino C\u00f3rdova a visitar su rewe<br \/>\nFoto: ATON<br \/>\nC\u00f3rdova fue condenado a 18 a\u00f1os de presidio.<\/p>\n<p>Gendarmer\u00eda autoriz\u00f3 al machi Celestino C\u00f3rdova a visitar su rewe por 48 horas, tras m\u00e1s de 60 d\u00edas en huelga de hambre.<\/p>\n<p>La decisi\u00f3n fue confirmada desde el Gobierno por el ministro de Justicia, Hern\u00e1n Larra\u00edn, confirm\u00f3 que &#8220;es una pr\u00e1ctica habitual en los distintos recintos penitenciarios del pa\u00eds (&#8230;) se hace en atenci\u00f3n al caso espec\u00edfico, no tanto en consideraci\u00f3n ni a los delitos cometidos o al recinto penal en que se encuentra&#8221;.<\/p>\n<p>&#8220;Se le est\u00e1 informando a Celestino C\u00f3rdova de esta situaci\u00f3n y esperamos su decisi\u00f3n, esperamos que contribuya tambi\u00e9n a la soluci\u00f3n de su caso&#8221;, dijo Larra\u00edn.<\/p>\n","protected":false},"excerpt":{"rendered":"<p>Fuente Cooperativa El ministro de Justicia, Hern\u00e1n Larra\u00edn, asegur\u00f3 que el apoyo de la familia de las v\u00edctimas se tom\u00f3 en cuenta a la hora&#8230;<\/p>\n","protected":false},"author":2,"featured_media":1394,"comment_status":"closed","ping_status":"open","sticky":false,"template":"","format":"standard","meta":{"footnotes":""},"categories":[4,267],"tags":[],"_links":{"self":[{"href":"http:\/\/www.primeranota.cl\/web\/wp-json\/wp\/v2\/posts\/1389"}],"collection":[{"href":"http:\/\/www.primeranota.cl\/web\/wp-json\/wp\/v2\/posts"}],"about":[{"href":"http:\/\/www.primeranota.cl\/web\/wp-json\/wp\/v2\/types\/post"}],"author":[{"embeddable":true,"href":"http:\/\/www.primeranota.cl\/web\/wp-json\/wp\/v2\/users\/2"}],"replies":[{"embeddable":true,"href":"http:\/\/www.primeranota.cl\/web\/wp-json\/wp\/v2\/comments?post=1389"}],"version-history":[{"count":2,"href":"http:\/\/www.primeranota.cl\/web\/wp-json\/wp\/v2\/posts\/1389\/revisions"}],"predecessor-version":[{"id":1393,"href":"http:\/\/www.primeranota.cl\/web\/wp-json\/wp\/v2\/posts\/1389\/revisions\/1393"}],"wp:featuredmedia":[{"embeddable":true,"href":"http:\/\/www.primeranota.cl\/web\/wp-json\/wp\/v2\/media\/1394"}],"wp:attachment":[{"href":"http:\/\/www.primeranota.cl\/web\/wp-json\/wp\/v2\/media?parent=1389"}],"wp:term":[{"taxonomy":"category","embeddable":true,"href":"http:\/\/www.primeranota.cl\/web\/wp-json\/wp\/v2\/categories?post=1389"},{"taxonomy":"post_tag","embeddable":true,"href":"http:\/\/www.primeranota.cl\/web\/wp-json\/wp\/v2\/tags?post=1389"}],"curies":[{"name":"wp","href":"https:\/\/api.w.org\/{rel}","templated":true}]}}