{"id":14023,"date":"2020-06-04T07:51:10","date_gmt":"2020-06-04T11:51:10","guid":{"rendered":"http:\/\/www.primeranota.cl\/web\/?p=14023"},"modified":"2020-06-04T07:51:10","modified_gmt":"2020-06-04T11:51:10","slug":"los-diputados-y-senadores-sin-posibilidad-de-reeleccion-en-la-araucania","status":"publish","type":"post","link":"http:\/\/www.primeranota.cl\/web\/region\/los-diputados-y-senadores-sin-posibilidad-de-reeleccion-en-la-araucania\/","title":{"rendered":"Los Diputados y Senadores sin posibilidad de reelecci\u00f3n en La Araucan\u00eda"},"content":{"rendered":"<p>La<strong>\u00a0C\u00e1mara de Diputadas y Diputados<\/strong>\u00a0aprob\u00f3 este mi\u00e9rcoles la reforma constitucional que<strong>\u00a0limita la reelecci\u00f3n\u00a0<\/strong>de los mismos<strong>\u00a0diputados, senadores, alcaldes, concejales,\u00a0consejeros regionales y gobernadores regionales,<\/strong>\u00a0luego de un pol\u00e9mico debate, principalmente en la C\u00e1mara Alta.<\/p>\n<p>Con\u00a0<strong>136 a favor y 9 en contra\u00a0<\/strong>la iniciativa se aprob\u00f3 en la c\u00e1mara baja con la\u00a0<strong>prohibici\u00f3n para 13\u00a0senadores y 37 diputados de repostularse a la pr\u00f3xima elecci\u00f3n que ser\u00e1 en 2021,<\/strong>\u00a0pese a que el Senado, al momento de votar, pensaba que estaban rechazando este punto.<\/p>\n<p>En La Araucan\u00eda esta medida dejara fuera de la posibilidad de competencia a Los Senadores Jaime Quintana y Jos\u00e9 Garc\u00eda Ruminot y a los diputados Rene Manuel Garcia, Fernando Meza, Rene Saffirio y Mario Venegas<\/p>\n<div class=\"cmaker_embed_instant_class\">\n<div class=\"SandboxRoot env-bp-350\" data-twitter-event-id=\"0\">\n<div id=\"twitter-widget-0\" class=\"EmbeddedTweet EmbeddedTweet--cta js-clickToOpenTarget\" lang=\"es\" data-click-to-open-target=\"https:\/\/twitter.com\/Camara_cl\/status\/1268257478183092224\" data-iframe-title=\"Tweet de Twitter\" data-scribe=\"page:tweet\" data-twitter-event-id=\"1\">\n<div class=\"EmbeddedTweet-tweetContainer\">\n<div class=\"EmbeddedTweet-tweet\">\n<blockquote class=\"Tweet h-entry js-tweetIdInfo subject expanded\" cite=\"https:\/\/twitter.com\/Camara_cl\/status\/1268257478183092224\" data-tweet-id=\"1268257478183092224\" data-scribe=\"section:subject\">\n<div class=\"Tweet-header\"><\/div>\n<\/blockquote>\n<\/div>\n<\/div>\n<\/div>\n<\/div>\n<\/div>\n","protected":false},"excerpt":{"rendered":"<p>La\u00a0C\u00e1mara de Diputadas y Diputados\u00a0aprob\u00f3 este mi\u00e9rcoles la reforma constitucional que\u00a0limita la reelecci\u00f3n\u00a0de los mismos\u00a0diputados, senadores, alcaldes, concejales,\u00a0consejeros regionales y gobernadores regionales,\u00a0luego de un pol\u00e9mico&#8230;<\/p>\n","protected":false},"author":2,"featured_media":901,"comment_status":"closed","ping_status":"open","sticky":false,"template":"","format":"standard","meta":{"footnotes":""},"categories":[267,3],"tags":[],"_links":{"self":[{"href":"http:\/\/www.primeranota.cl\/web\/wp-json\/wp\/v2\/posts\/14023"}],"collection":[{"href":"http:\/\/www.primeranota.cl\/web\/wp-json\/wp\/v2\/posts"}],"about":[{"href":"http:\/\/www.primeranota.cl\/web\/wp-json\/wp\/v2\/types\/post"}],"author":[{"embeddable":true,"href":"http:\/\/www.primeranota.cl\/web\/wp-json\/wp\/v2\/users\/2"}],"replies":[{"embeddable":true,"href":"http:\/\/www.primeranota.cl\/web\/wp-json\/wp\/v2\/comments?post=14023"}],"version-history":[{"count":1,"href":"http:\/\/www.primeranota.cl\/web\/wp-json\/wp\/v2\/posts\/14023\/revisions"}],"predecessor-version":[{"id":14024,"href":"http:\/\/www.primeranota.cl\/web\/wp-json\/wp\/v2\/posts\/14023\/revisions\/14024"}],"wp:featuredmedia":[{"embeddable":true,"href":"http:\/\/www.primeranota.cl\/web\/wp-json\/wp\/v2\/media\/901"}],"wp:attachment":[{"href":"http:\/\/www.primeranota.cl\/web\/wp-json\/wp\/v2\/media?parent=14023"}],"wp:term":[{"taxonomy":"category","embeddable":true,"href":"http:\/\/www.primeranota.cl\/web\/wp-json\/wp\/v2\/categories?post=14023"},{"taxonomy":"post_tag","embeddable":true,"href":"http:\/\/www.primeranota.cl\/web\/wp-json\/wp\/v2\/tags?post=14023"}],"curies":[{"name":"wp","href":"https:\/\/api.w.org\/{rel}","templated":true}]}}