{"id":14322,"date":"2020-06-20T08:35:06","date_gmt":"2020-06-20T12:35:06","guid":{"rendered":"http:\/\/www.primeranota.cl\/web\/?p=14322"},"modified":"2020-06-20T08:35:06","modified_gmt":"2020-06-20T12:35:06","slug":"cementerios-de-la-araucania-permaneceran-cerrados-este-fin-de-semana","status":"publish","type":"post","link":"http:\/\/www.primeranota.cl\/web\/region\/cementerios-de-la-araucania-permaneceran-cerrados-este-fin-de-semana\/","title":{"rendered":"Cementerios de La Araucan\u00eda permanecer\u00e1n cerrados este fin de semana"},"content":{"rendered":"<p>Como una medida de control de aglomeraci\u00f3n y con el fin de evitar la propagaci\u00f3n del coronavirus, el gobierno anunci\u00f3 que este fin de semana, donde se celebra el D\u00eda del Padre,\u00a0estar\u00e1n cerrados todos los cementerios del pa\u00eds.<\/p>\n<p>As\u00ed lo confirm\u00f3 la seremi de Gobierno, P\u00eda Bersezio, quien precis\u00f3 que la medida rige para los cementerios p\u00fablicos y privados y s\u00f3lo se permitir\u00e1 el ingreso en casos excepcionales.<\/p>\n<p>La vocera de Gobierno de La Araucan\u00eda, precis\u00f3 que las excepciones a dicha medida dicen relaci\u00f3n con tr\u00e1mites funerarios, velorios y entierros. Sin embargo, estar\u00e1 prohibido el ingreso a visitar a deudos en una fecha en que habitualmente muchas personas visitan las tumbas de sus padres.<\/p>\n<p>\u201cQueremos informar a los habitantes de La Araucan\u00eda que con el objetivo de evitar aglomeraciones y as\u00ed mitigar la propagaci\u00f3n del coronavirus, todos los cementerios de la regi\u00f3n permanecer\u00e1n cerrados este s\u00e1bado 20 y domingo 21 de junio, permaneciendo s\u00f3lo abiertos para tr\u00e1mites funerarios, velorios y entierros. Es por ello que insistimos en el mensaje de quedarse en casa de manera responsable, para hacer frente de mejor forma a esta emergencia sanitaria\u201d, explic\u00f3 Bersezio.<\/p>\n<p>Por \u00faltimo, cabe precisar que existe un protocolo del Ministerio de Salud, que indica la cantidad de personas que pueden asistir al velorio no puede superar las 5 personas y en el caso de la sepultaci\u00f3n no se pueden superar las 20 personas.<\/p>\n","protected":false},"excerpt":{"rendered":"<p>Como una medida de control de aglomeraci\u00f3n y con el fin de evitar la propagaci\u00f3n del coronavirus, el gobierno anunci\u00f3 que este fin de semana,&#8230;<\/p>\n","protected":false},"author":2,"featured_media":13187,"comment_status":"closed","ping_status":"open","sticky":false,"template":"","format":"standard","meta":{"footnotes":""},"categories":[267,3],"tags":[],"_links":{"self":[{"href":"http:\/\/www.primeranota.cl\/web\/wp-json\/wp\/v2\/posts\/14322"}],"collection":[{"href":"http:\/\/www.primeranota.cl\/web\/wp-json\/wp\/v2\/posts"}],"about":[{"href":"http:\/\/www.primeranota.cl\/web\/wp-json\/wp\/v2\/types\/post"}],"author":[{"embeddable":true,"href":"http:\/\/www.primeranota.cl\/web\/wp-json\/wp\/v2\/users\/2"}],"replies":[{"embeddable":true,"href":"http:\/\/www.primeranota.cl\/web\/wp-json\/wp\/v2\/comments?post=14322"}],"version-history":[{"count":1,"href":"http:\/\/www.primeranota.cl\/web\/wp-json\/wp\/v2\/posts\/14322\/revisions"}],"predecessor-version":[{"id":14323,"href":"http:\/\/www.primeranota.cl\/web\/wp-json\/wp\/v2\/posts\/14322\/revisions\/14323"}],"wp:featuredmedia":[{"embeddable":true,"href":"http:\/\/www.primeranota.cl\/web\/wp-json\/wp\/v2\/media\/13187"}],"wp:attachment":[{"href":"http:\/\/www.primeranota.cl\/web\/wp-json\/wp\/v2\/media?parent=14322"}],"wp:term":[{"taxonomy":"category","embeddable":true,"href":"http:\/\/www.primeranota.cl\/web\/wp-json\/wp\/v2\/categories?post=14322"},{"taxonomy":"post_tag","embeddable":true,"href":"http:\/\/www.primeranota.cl\/web\/wp-json\/wp\/v2\/tags?post=14322"}],"curies":[{"name":"wp","href":"https:\/\/api.w.org\/{rel}","templated":true}]}}