{"id":14362,"date":"2020-06-22T18:15:43","date_gmt":"2020-06-22T22:15:43","guid":{"rendered":"http:\/\/www.primeranota.cl\/web\/?p=14362"},"modified":"2020-06-22T18:17:31","modified_gmt":"2020-06-22T22:17:31","slug":"core-de-la-araucania-determina-que-fondo-concursable-de-mil-200-millones-beneficie-exclusivamente-a-adultos-mayores","status":"publish","type":"post","link":"http:\/\/www.primeranota.cl\/web\/region\/core-de-la-araucania-determina-que-fondo-concursable-de-mil-200-millones-beneficie-exclusivamente-a-adultos-mayores\/","title":{"rendered":"Core de La Araucan\u00eda determina que fondo concursable de mil 200 millones beneficie exclusivamente a adultos mayores"},"content":{"rendered":"<p style=\"font-weight: 400;\">El cambio radical en las necesidades sociales m\u00e1s urgentes de los habitantes de nuestra regi\u00f3n, debido a la actual crisis sanitaria, ha llevado al Consejo Regional de La Araucan\u00eda a impulsar y gestionar cambios en el foco de la asignaci\u00f3n de la inversi\u00f3n p\u00fablica. A los recursos aprobados para la emergencia, destinados principalmente a la adquisici\u00f3n y entrega de cajas de alimentos, insumos y equipamiento para la salud, distribuci\u00f3n y almacenamiento de agua potable, apoyo al emprendimiento y aporte a los presupuestos de los 32 municipios, se suma ahora un cambio en las bases del Fondo Concursable del 6% del FNDR 2020, que permitir\u00e1 destinar $1 mil 200 millones para que organizaciones privadas sin fines de lucro puedan ir en apoyo de los adultos mayores, el sector m\u00e1s vulnerable frente a la actual pandemia.<\/p>\n<p style=\"font-weight: 400;\">Se trata de una iniciativa in\u00e9dita, impulsada por 13 consejeros, que fue aprobada por unanimidad en la \u00faltima sesi\u00f3n plenaria, y que permitir\u00e1 que se prioricen la presentaci\u00f3n de proyectos de las l\u00edneas Cultura, Elige Vivir Sano y Medio Ambiente, que tengan como p\u00fablico beneficiario a adultos mayores.<\/p>\n<p style=\"font-weight: 400;\">Seg\u00fan explic\u00f3 el Presidente del Consejo Regional, Alejandro Mondaca, es necesario que los recursos con que se disponen, se puedan dirigir o redireccionar para enfrentar necesidades de los adultos mayores, tales como la falta de alimentos y la salud mental. &#8220;Una de cada cinco personas mayores de 60 a\u00f1os sufre alguna enfermedad mental, las cuales gravan en esta circunstancias, ya sea debido al estr\u00e9s por lo que sucede, por el confinamiento derivado de las cuarentena o el distanciamiento social preventivo, o por soledad por abandono&#8221;, contextualiz\u00f3.<\/p>\n<p style=\"font-weight: 400;\">&#8220;Vemos esta modificaci\u00f3n de las bases, como una buena oportunidad para ayudar a nuestros adultos mayores, como por ejemplo, mediante el fortalecimiento de plataformas de entretenimiento o acompa\u00f1amiento, las que podr\u00e1n ser ejecutados por artistas de la regi\u00f3n, la posibilidad de facilitar la compra y entrega de le\u00f1a seca que contribuya a una calefacci\u00f3n que ayude a cuidar la calidad del aire, y tambi\u00e9n el dar un espacio para generar y potenciar huertos comunitarios que los ayuden en su econom\u00eda y en la calidad de su alimentaci\u00f3n, entre muchas otras ideas de proyectos&#8221;, destac\u00f3 Mondaca.<\/p>\n<p style=\"font-weight: 400;\">&#8220;Vamos a tener un fondo de $1 mil 200 millones, que ir\u00e1 en el bien de las comunidades, de los sectores m\u00e1s aleda\u00f1os de nuestras comunas, a todas las juntas de vecinos, a todas la organizaciones, a clubes deportivos, que quieran trabajar con adultos mayores, son cuatro ejes, y vamos a tener aproximadamente $3 millones por proyecto, por lo que yo invito a quienes puedan ejecutar este tipo de iniciativas, a que puedan postular, una vez que se inicie la convocatoria y las bases est\u00e9n disponibles en el sitio web del Gobierno Regional&#8221;, se\u00f1al\u00f3 Gilda Mendoza, Presidenta de la Comisi\u00f3n de Salud y Adulto Mayor del Consejo Regional.<\/p>\n<p style=\"font-weight: 400;\">Este cambio en las bases, fue elaborado y propuesto por los consejeros Alejandro Mondaca, Marcelo Carrasco, Genoveva Sepulveda, Gustavo Kausel, Miguel \u00c1ngel Contreras, Claudio Aceit\u00f3n, Gilda Mendoza, Ana Maria Soto, Monica Rodriguez, Carmen Phillips, Rolando Flores, Ricardo Herrera y Tomas De la Maza.<\/p>\n","protected":false},"excerpt":{"rendered":"<p>El cambio radical en las necesidades sociales m\u00e1s urgentes de los habitantes de nuestra regi\u00f3n, debido a la actual crisis sanitaria, ha llevado al Consejo&#8230;<\/p>\n","protected":false},"author":2,"featured_media":12546,"comment_status":"closed","ping_status":"open","sticky":false,"template":"","format":"standard","meta":{"footnotes":""},"categories":[267,3],"tags":[],"_links":{"self":[{"href":"http:\/\/www.primeranota.cl\/web\/wp-json\/wp\/v2\/posts\/14362"}],"collection":[{"href":"http:\/\/www.primeranota.cl\/web\/wp-json\/wp\/v2\/posts"}],"about":[{"href":"http:\/\/www.primeranota.cl\/web\/wp-json\/wp\/v2\/types\/post"}],"author":[{"embeddable":true,"href":"http:\/\/www.primeranota.cl\/web\/wp-json\/wp\/v2\/users\/2"}],"replies":[{"embeddable":true,"href":"http:\/\/www.primeranota.cl\/web\/wp-json\/wp\/v2\/comments?post=14362"}],"version-history":[{"count":2,"href":"http:\/\/www.primeranota.cl\/web\/wp-json\/wp\/v2\/posts\/14362\/revisions"}],"predecessor-version":[{"id":14365,"href":"http:\/\/www.primeranota.cl\/web\/wp-json\/wp\/v2\/posts\/14362\/revisions\/14365"}],"wp:featuredmedia":[{"embeddable":true,"href":"http:\/\/www.primeranota.cl\/web\/wp-json\/wp\/v2\/media\/12546"}],"wp:attachment":[{"href":"http:\/\/www.primeranota.cl\/web\/wp-json\/wp\/v2\/media?parent=14362"}],"wp:term":[{"taxonomy":"category","embeddable":true,"href":"http:\/\/www.primeranota.cl\/web\/wp-json\/wp\/v2\/categories?post=14362"},{"taxonomy":"post_tag","embeddable":true,"href":"http:\/\/www.primeranota.cl\/web\/wp-json\/wp\/v2\/tags?post=14362"}],"curies":[{"name":"wp","href":"https:\/\/api.w.org\/{rel}","templated":true}]}}