{"id":14746,"date":"2020-07-13T12:03:03","date_gmt":"2020-07-13T16:03:03","guid":{"rendered":"http:\/\/www.primeranota.cl\/web\/?p=14746"},"modified":"2020-07-13T12:03:03","modified_gmt":"2020-07-13T16:03:03","slug":"columna-francisco-huenchumilla-la-derecha-y-su-ceguera","status":"publish","type":"post","link":"http:\/\/www.primeranota.cl\/web\/opinion\/columna-francisco-huenchumilla-la-derecha-y-su-ceguera\/","title":{"rendered":"Columna Francisco Huenchumilla: La derecha y su ceguera"},"content":{"rendered":"<p>Despu\u00e9s de la votaci\u00f3n de la C\u00e1mara de Diputados de la reforma constitucional que aprob\u00f3 el retiro del 10 % de las cuentas individuales de las AFP, la derecha en todas sus variantes, pol\u00edticas, econ\u00f3micas, intelectuales y medios de comunicaci\u00f3n, toc\u00f3 las campanas a rebato acusando a la oposici\u00f3n (y bueno, tambi\u00e9n a parte de los suyos) de poco menos querer destruir el pa\u00eds, atribuy\u00e9ndole todo tipo de mal\u00e9ficas intenciones o al menos supina ignorancia.<\/p>\n<p>Me dio un cierto pudor leer, en la prensa del fin de semana, a destacados y destacadas intelectuales y analistas de derecha, razonando con el est\u00f3mago, demostrando una molestia impropia de alguien cuyo oficio es mantener la cabeza fr\u00eda, en medio de la tempestad, para aconsejar objetivamente a los detentadores del poder, a los cuales normalmente pretenden iluminar. Est\u00e1 bien y es comprensible que los gobiernos tengan crisis y d\u00e9ficit pol\u00edticos en su gesti\u00f3n como es p\u00fablico y notorio que lo tiene este gobierno y que, a causa de ello, no tuvieran la tranquilidad necesaria para salir airosos desde la esquina del ring donde sus autogoles de incomprensi\u00f3n de la realidad, lo tienen colocado, pero uno esperar\u00eda un poco m\u00e1s de aquellos que sin ser pol\u00edticos de profesi\u00f3n , lo son de pensamiento y que , se supone, est\u00e1n llamados a\u00a0 colocar las cosas en su lugar, mediante el an\u00e1lisis racional ,objetivo y procesado para que su gobierno no solo pueda salir airoso de la coyuntura, sino\u00a0\u00a0 ,sobre todo , para que pueda tomar decisiones estrat\u00e9gicas correctas para el bien superior del pa\u00eds.<\/p>\n<p>La derecha acus\u00f3 a la oposici\u00f3n de ignorancia de los mecanismos constitucionales, de querer dinamitar el sistema provisional, de querer apoderarse de los 215 mil millones de d\u00f3lares que conforman el fondo acumulado, de no entender que era mejor el pr\u00e9stamo que propon\u00eda el gobierno, de elevar el riesgo pa\u00eds en las clasificadoras, y en fin tambi\u00e9n dijo uno que la centroizquierda pecaba de simplismo intelectual sobre la desigualdad, y podr\u00eda seguir con un largo etc\u00e9tera.<\/p>\n<p>No escuch\u00e9 ni le\u00ed a nadie preguntarse si el sistema de AFP era bueno o no para la gente.\u00a0\u00a0\u00a0 Tampoco, preguntarse, si a lo mejor el sistema necesitaba correcciones que no se hab\u00edan hecho en el momento oportuno. Tampoco, si el apoyo expl\u00edcito o impl\u00edcito de los diputados de todos los colores no podr\u00eda significar que la molestia contra el sistema de las AFP se hab\u00eda hecho sentido com\u00fan entre la gente con la cual los parlamentarios, por razones obvias, tienen mayor contacto. Tampoco, si por casualidad, no fueran ellos, la derecha, los equivocados. Cero autocritica de por qu\u00e9 hab\u00edamos llegado a esto.<\/p>\n<p>Lo m\u00e1s grave de todo esto es que la derecha pol\u00edtica, econ\u00f3mica e intelectual no logra darse cuenta del significado del estallido social del 18 de octubre, proceso que se encuentra latente, y que no sabemos el curso que tomar\u00e1 cuando volvamos a la \u201cnormalidad\u201d. Se aferra a la defensa del modelo econ\u00f3mico como si fuera una verdad revelada, no entendiendo el contexto de fuerza en que fue impuesto y que, como toda obra humana, requiere ser examinada para ver si responde,40 a\u00f1os despu\u00e9s, a las necesidades y requerimientos del presente; y, como una provocaci\u00f3n intelectual, trata de efectuar cambios cosm\u00e9ticos que en el fondo solo consolidan el sistema, lo que hace que pierda toda credibilidad en la gente y en la oposici\u00f3n.<\/p>\n<p>El empresariado debe entender que nadie quiere echar la estanter\u00eda abajo y que se saque eso de la cabeza, pero tambi\u00e9n debe entender que nadie est\u00e1 dispuesto a aceptar que todo siga igual, simplemente porque le molesta a la derecha.<\/p>\n<p>Existen distintos modelos de capitalismo en el mundo; el de Chile es el m\u00e1s extremo basado en el individualismo y la privatizaci\u00f3n de todo. Hay una manera distinta de organizar la sociedad como lo demuestran pa\u00edses desarrollados como los europeos. Ese modelo implantado en los 80 lo fue por la fuerza, por lo cual carece de legitimidad. \u00bfNo lleg\u00f3 la hora de hacer un giro y hacerles los cambios necesarios?<\/p>\n<p>Nada es dram\u00e1tico, si los pol\u00edticos de todos los lados son capaces de leer la realidad y se act\u00faa con sentido de estado, con altura, y no con vuelo rasante como lo hicieron los analistas y pol\u00edticos de la derecha este fin de semana.<\/p>\n<p><strong>12 de julio del 2020.<\/strong><\/p>\n","protected":false},"excerpt":{"rendered":"<p>Despu\u00e9s de la votaci\u00f3n de la C\u00e1mara de Diputados de la reforma constitucional que aprob\u00f3 el retiro del 10 % de las cuentas individuales de&#8230;<\/p>\n","protected":false},"author":2,"featured_media":7152,"comment_status":"closed","ping_status":"open","sticky":false,"template":"","format":"standard","meta":{"footnotes":""},"categories":[2,267],"tags":[],"_links":{"self":[{"href":"http:\/\/www.primeranota.cl\/web\/wp-json\/wp\/v2\/posts\/14746"}],"collection":[{"href":"http:\/\/www.primeranota.cl\/web\/wp-json\/wp\/v2\/posts"}],"about":[{"href":"http:\/\/www.primeranota.cl\/web\/wp-json\/wp\/v2\/types\/post"}],"author":[{"embeddable":true,"href":"http:\/\/www.primeranota.cl\/web\/wp-json\/wp\/v2\/users\/2"}],"replies":[{"embeddable":true,"href":"http:\/\/www.primeranota.cl\/web\/wp-json\/wp\/v2\/comments?post=14746"}],"version-history":[{"count":1,"href":"http:\/\/www.primeranota.cl\/web\/wp-json\/wp\/v2\/posts\/14746\/revisions"}],"predecessor-version":[{"id":14747,"href":"http:\/\/www.primeranota.cl\/web\/wp-json\/wp\/v2\/posts\/14746\/revisions\/14747"}],"wp:featuredmedia":[{"embeddable":true,"href":"http:\/\/www.primeranota.cl\/web\/wp-json\/wp\/v2\/media\/7152"}],"wp:attachment":[{"href":"http:\/\/www.primeranota.cl\/web\/wp-json\/wp\/v2\/media?parent=14746"}],"wp:term":[{"taxonomy":"category","embeddable":true,"href":"http:\/\/www.primeranota.cl\/web\/wp-json\/wp\/v2\/categories?post=14746"},{"taxonomy":"post_tag","embeddable":true,"href":"http:\/\/www.primeranota.cl\/web\/wp-json\/wp\/v2\/tags?post=14746"}],"curies":[{"name":"wp","href":"https:\/\/api.w.org\/{rel}","templated":true}]}}