{"id":14780,"date":"2020-07-14T17:35:32","date_gmt":"2020-07-14T21:35:32","guid":{"rendered":"http:\/\/www.primeranota.cl\/web\/?p=14780"},"modified":"2020-07-14T17:37:37","modified_gmt":"2020-07-14T21:37:37","slug":"corte-de-temuco-ordena-a-la-municipalidad-de-temuco-suspende-desalojo-de-campamento-en-pueblo-nuevo","status":"publish","type":"post","link":"http:\/\/www.primeranota.cl\/web\/region\/corte-de-temuco-ordena-a-la-municipalidad-de-temuco-suspende-desalojo-de-campamento-en-pueblo-nuevo\/","title":{"rendered":"Corte ordena a la Municipalidad de Temuco suspender desalojo de campamento en Pueblo Nuevo"},"content":{"rendered":"<p>La Corte de Apelaciones de Temuco acogi\u00f3 a tr\u00e1mite el recurso de protecci\u00f3n interpuesto por pobladores del\u00a0<b>campamento Escuela Porvenir<\/b>, ubicado en el sector de Pueblo Nuevo de la ciudad, y orden\u00f3 a la municipalidad de Temuco dejar sin efecto el decreto alcaldicio que dispuso el desalojo.<\/p>\n<p style=\"font-weight: 400;\">En fallo un\u00e1nime, la Sala de Turno del tribunal de alzada, integrada por los ministros Carlos Guti\u00e9rrez Zavala, Julio C\u00e9sar Grand\u00f3n Castro y el abogado\u00a0 Roberto Fuentes Fern\u00e1ndez, dict\u00f3 orden de no innovar y dio plazo de ocho d\u00edas al Municipalidad de Temuco para que remita informe con todos los antecedentes sobre el asunto.<\/p>\n<p style=\"font-weight: 400;\">&#8220;Se declara admisible el recurso de protecci\u00f3n, en consecuencia se ordena informe la recurrida (Ilustre Municipalidad de Temuco) dentro del plazo de ocho d\u00edas, adjuntando todos los antecedentes que sobre la materia digan relaci\u00f3n, bajo apercibimiento de prescindir de dicho informe si \u00e9ste no es evacuado dentro de dicho plazo, debiendo adem\u00e1s, en lo posible acompa\u00f1ar el informe respectivo en formato digital\u201d, ordena la resoluci\u00f3n.<\/p>\n","protected":false},"excerpt":{"rendered":"<p>La Corte de Apelaciones de Temuco acogi\u00f3 a tr\u00e1mite el recurso de protecci\u00f3n interpuesto por pobladores del\u00a0campamento Escuela Porvenir, ubicado en el sector de Pueblo&#8230;<\/p>\n","protected":false},"author":2,"featured_media":14781,"comment_status":"closed","ping_status":"open","sticky":false,"template":"","format":"standard","meta":{"footnotes":""},"categories":[267,3],"tags":[],"_links":{"self":[{"href":"http:\/\/www.primeranota.cl\/web\/wp-json\/wp\/v2\/posts\/14780"}],"collection":[{"href":"http:\/\/www.primeranota.cl\/web\/wp-json\/wp\/v2\/posts"}],"about":[{"href":"http:\/\/www.primeranota.cl\/web\/wp-json\/wp\/v2\/types\/post"}],"author":[{"embeddable":true,"href":"http:\/\/www.primeranota.cl\/web\/wp-json\/wp\/v2\/users\/2"}],"replies":[{"embeddable":true,"href":"http:\/\/www.primeranota.cl\/web\/wp-json\/wp\/v2\/comments?post=14780"}],"version-history":[{"count":4,"href":"http:\/\/www.primeranota.cl\/web\/wp-json\/wp\/v2\/posts\/14780\/revisions"}],"predecessor-version":[{"id":14785,"href":"http:\/\/www.primeranota.cl\/web\/wp-json\/wp\/v2\/posts\/14780\/revisions\/14785"}],"wp:featuredmedia":[{"embeddable":true,"href":"http:\/\/www.primeranota.cl\/web\/wp-json\/wp\/v2\/media\/14781"}],"wp:attachment":[{"href":"http:\/\/www.primeranota.cl\/web\/wp-json\/wp\/v2\/media?parent=14780"}],"wp:term":[{"taxonomy":"category","embeddable":true,"href":"http:\/\/www.primeranota.cl\/web\/wp-json\/wp\/v2\/categories?post=14780"},{"taxonomy":"post_tag","embeddable":true,"href":"http:\/\/www.primeranota.cl\/web\/wp-json\/wp\/v2\/tags?post=14780"}],"curies":[{"name":"wp","href":"https:\/\/api.w.org\/{rel}","templated":true}]}}