{"id":14979,"date":"2020-07-23T18:59:58","date_gmt":"2020-07-23T22:59:58","guid":{"rendered":"http:\/\/www.primeranota.cl\/web\/?p=14979"},"modified":"2020-07-23T19:06:02","modified_gmt":"2020-07-23T23:06:02","slug":"presidente-pinera-promulgara-manana-proyecto-de-retiro-de-10","status":"publish","type":"post","link":"http:\/\/www.primeranota.cl\/web\/pais\/presidente-pinera-promulgara-manana-proyecto-de-retiro-de-10\/","title":{"rendered":"Presidente Pi\u00f1era promulgara ma\u00f1ana proyecto de retiro de 10%"},"content":{"rendered":"<p>Durante esta jornada, el Palacio de La Moneda confirm\u00f3 a trav\u00e9s de un comunicado que\u00a0<strong>el Presidente Sebasti\u00e1n Pi\u00f1era promulgar\u00e1 este viernes la ley que permite el retiro \u201cexcepcional\u201d del 10% de los fondos de las AFP<\/strong>.<\/p>\n<p>\u201cLa decisi\u00f3n del Presidente de promulgar esta reforma constitucional, obedece a su\u00a0<strong>intenci\u00f3n y voluntad<\/strong>\u00a0\u2014dada la dif\u00edcil situaci\u00f3n econ\u00f3mica y social que viven muchas familias y compatriotas\u2014 de\u00a0<strong>facilitar y agilizar el retiro de estos fondos de ahorros previsionales por parte de las personas habilitadas<\/strong>\u201c, afirma el escrito.<\/p>\n<p>Finalmente, se\u00f1alaron desde Palacio que \u201c<strong>el Gobierno de Chile reitera que est\u00e1 firmemente comprometido con avanzar en una profunda Reforma Previsional que permita cambiar el sistema<\/strong>, con el prop\u00f3sito de mejorar las pensiones de todos los ciudadanos\u201d.<\/p>\n<p>Esto se suma a\u00a0<a href=\"https:\/\/www.adnradio.cl\/politica\/2020\/07\/23\/andres-allamand-confirmo-que-senadores-de-chile-vamos-no-iran-al-tc-tras-despacho-de-retiro-de-fondos.html\" target=\"_blank\" rel=\"noopener noreferrer\">la determinaci\u00f3n que tom\u00f3 la bancada de senadores de Chile Vamos<\/a>, quienes confirmaron, en voz de Andr\u00e9s Allamand, que\u00a0<strong>no llevar\u00e1n el proyecto al Tribunal Constitucional<\/strong>\u00a0(TC).<\/p>\n","protected":false},"excerpt":{"rendered":"<p>Durante esta jornada, el Palacio de La Moneda confirm\u00f3 a trav\u00e9s de un comunicado que\u00a0el Presidente Sebasti\u00e1n Pi\u00f1era promulgar\u00e1 este viernes la ley que permite&#8230;<\/p>\n","protected":false},"author":2,"featured_media":13411,"comment_status":"closed","ping_status":"open","sticky":false,"template":"","format":"standard","meta":{"footnotes":""},"categories":[4,267],"tags":[],"_links":{"self":[{"href":"http:\/\/www.primeranota.cl\/web\/wp-json\/wp\/v2\/posts\/14979"}],"collection":[{"href":"http:\/\/www.primeranota.cl\/web\/wp-json\/wp\/v2\/posts"}],"about":[{"href":"http:\/\/www.primeranota.cl\/web\/wp-json\/wp\/v2\/types\/post"}],"author":[{"embeddable":true,"href":"http:\/\/www.primeranota.cl\/web\/wp-json\/wp\/v2\/users\/2"}],"replies":[{"embeddable":true,"href":"http:\/\/www.primeranota.cl\/web\/wp-json\/wp\/v2\/comments?post=14979"}],"version-history":[{"count":2,"href":"http:\/\/www.primeranota.cl\/web\/wp-json\/wp\/v2\/posts\/14979\/revisions"}],"predecessor-version":[{"id":14981,"href":"http:\/\/www.primeranota.cl\/web\/wp-json\/wp\/v2\/posts\/14979\/revisions\/14981"}],"wp:featuredmedia":[{"embeddable":true,"href":"http:\/\/www.primeranota.cl\/web\/wp-json\/wp\/v2\/media\/13411"}],"wp:attachment":[{"href":"http:\/\/www.primeranota.cl\/web\/wp-json\/wp\/v2\/media?parent=14979"}],"wp:term":[{"taxonomy":"category","embeddable":true,"href":"http:\/\/www.primeranota.cl\/web\/wp-json\/wp\/v2\/categories?post=14979"},{"taxonomy":"post_tag","embeddable":true,"href":"http:\/\/www.primeranota.cl\/web\/wp-json\/wp\/v2\/tags?post=14979"}],"curies":[{"name":"wp","href":"https:\/\/api.w.org\/{rel}","templated":true}]}}