{"id":15687,"date":"2020-09-08T15:52:33","date_gmt":"2020-09-08T18:52:33","guid":{"rendered":"http:\/\/www.primeranota.cl\/web\/?p=15687"},"modified":"2020-09-08T15:52:33","modified_gmt":"2020-09-08T18:52:33","slug":"conaf-abre-postulaciones-para-formar-parte-de-sus-brigadistas-en-la-temporada-de-incendios-2020-2021","status":"publish","type":"post","link":"http:\/\/www.primeranota.cl\/web\/region\/conaf-abre-postulaciones-para-formar-parte-de-sus-brigadistas-en-la-temporada-de-incendios-2020-2021\/","title":{"rendered":"CONAF abre postulaciones para formar parte de sus brigadistas en la temporada de incendios 2020 \u2013 2021"},"content":{"rendered":"<p style=\"font-weight: 400;\">Para esta temporada la Corporaci\u00f3n Nacional Forestal (Conaf), abre sus postulaciones para que seas parte de los equipos que conforman las brigadas que cada a\u00f1o combaten los incendios forestales que afectan a Chile y a pa\u00edses vecinos.<\/p>\n<p style=\"font-weight: 400;\">As\u00ed lo menciona el director de CONAF Araucan\u00eda, Julio Figueroa, donde se\u00f1ala que \u201clos brigadistas cumplen una labor fundamental a\u00f1o a a\u00f1o en el combate contra los incendios forestales. Gracias a ellos hemos podido palear y prevenir la destrucci\u00f3n de \u00e1reas silvestres protegidas muy importantes para la regi\u00f3n y el pa\u00eds, por esto invitamos a todos los j\u00f3venes a que se motiven y sean parte de nuestros equipos para esta temporada\u201d.<\/p>\n<p style=\"font-weight: 400;\">La primera parte del proceso se realiza de manera online, donde los postulantes pueden elegir el tipo de rol que pretendan desarrollar durante la temporada. Cada puesto de trabajo est\u00e1 pensado en el combate integro de incendios, entre los que se encuentran brigadistas forestales, operador de motobomba y motosierra, jefes de brigadas y cuadrillas y operadores de torres de observaci\u00f3n ubicadas en puntos estrat\u00e9gicos de zonas rurales.<\/p>\n<p style=\"font-weight: 400;\">El seremi de Agricultura, Ricardo Senn, destac\u00f3 que se adelantara la apertura de las postulaciones, \u201ctodos sabemos que tenemos temporadas de incendios que han sido muy complejas en los \u00faltimos a\u00f1os, por lo que hemos anticipado esta convocatoria, la recepci\u00f3n de antecedentes y la rendici\u00f3n de pruebas f\u00edsicas. Confiamos que tendremos buenas postulaciones de j\u00f3venes chilenos y extranjeros\u201d.<\/p>\n<p style=\"font-weight: 400;\">Dentro de los requisitos de postulaci\u00f3n, est\u00e1n el ser mayor de 18 a\u00f1os, tener nacionalidad chilena o extranjera con situaci\u00f3n al d\u00eda para trabajar, compatibilidad de salud de acorde al cargo al que se est\u00e1 optando y completar cada uno de los formularios necesarios para el primer proceso.<\/p>\n<p style=\"font-weight: 400;\">El primer proceso de postulaci\u00f3n inicia el 17 de septiembre del 2020, el cual se puede realizar totalmente online en la p\u00e1gina web\u00a0<a href=\"http:\/\/www.conaf.cl\/\" data-saferedirecturl=\"https:\/\/www.google.com\/url?q=http:\/\/www.conaf.cl&amp;source=gmail&amp;ust=1599677339609000&amp;usg=AFQjCNHGGlYbOp8bZ-n_VtGNCxmCa7A3Vw\">www.conaf.cl<\/a>, las bases y requisitos est\u00e1n disponibles en\u00a0<a href=\"https:\/\/forms.gle\/8YSyuw9ThQ5XJxu78\" data-saferedirecturl=\"https:\/\/www.google.com\/url?q=https:\/\/forms.gle\/8YSyuw9ThQ5XJxu78&amp;source=gmail&amp;ust=1599677339609000&amp;usg=AFQjCNFsrK06ipYN_V4zBWstbzNeAvIFaw\">https:\/\/forms.gle\/8YSyuw9ThQ5XJxu78<\/a>\u00a0donde podr\u00e1s encontrar los distintos cargos a desarrollar.<\/p>\n","protected":false},"excerpt":{"rendered":"<p>Para esta temporada la Corporaci\u00f3n Nacional Forestal (Conaf), abre sus postulaciones para que seas parte de los equipos que conforman las brigadas que cada a\u00f1o&#8230;<\/p>\n","protected":false},"author":2,"featured_media":5582,"comment_status":"closed","ping_status":"open","sticky":false,"template":"","format":"standard","meta":{"footnotes":""},"categories":[267,3],"tags":[],"_links":{"self":[{"href":"http:\/\/www.primeranota.cl\/web\/wp-json\/wp\/v2\/posts\/15687"}],"collection":[{"href":"http:\/\/www.primeranota.cl\/web\/wp-json\/wp\/v2\/posts"}],"about":[{"href":"http:\/\/www.primeranota.cl\/web\/wp-json\/wp\/v2\/types\/post"}],"author":[{"embeddable":true,"href":"http:\/\/www.primeranota.cl\/web\/wp-json\/wp\/v2\/users\/2"}],"replies":[{"embeddable":true,"href":"http:\/\/www.primeranota.cl\/web\/wp-json\/wp\/v2\/comments?post=15687"}],"version-history":[{"count":1,"href":"http:\/\/www.primeranota.cl\/web\/wp-json\/wp\/v2\/posts\/15687\/revisions"}],"predecessor-version":[{"id":15688,"href":"http:\/\/www.primeranota.cl\/web\/wp-json\/wp\/v2\/posts\/15687\/revisions\/15688"}],"wp:featuredmedia":[{"embeddable":true,"href":"http:\/\/www.primeranota.cl\/web\/wp-json\/wp\/v2\/media\/5582"}],"wp:attachment":[{"href":"http:\/\/www.primeranota.cl\/web\/wp-json\/wp\/v2\/media?parent=15687"}],"wp:term":[{"taxonomy":"category","embeddable":true,"href":"http:\/\/www.primeranota.cl\/web\/wp-json\/wp\/v2\/categories?post=15687"},{"taxonomy":"post_tag","embeddable":true,"href":"http:\/\/www.primeranota.cl\/web\/wp-json\/wp\/v2\/tags?post=15687"}],"curies":[{"name":"wp","href":"https:\/\/api.w.org\/{rel}","templated":true}]}}