{"id":1585,"date":"2018-08-04T11:05:44","date_gmt":"2018-08-04T15:05:44","guid":{"rendered":"http:\/\/www.primeranota.cl\/web\/?p=1585"},"modified":"2018-08-04T11:05:44","modified_gmt":"2018-08-04T15:05:44","slug":"huenchumilla-patrocinara-proyecto-de-eutanasia","status":"publish","type":"post","link":"http:\/\/www.primeranota.cl\/web\/pais\/huenchumilla-patrocinara-proyecto-de-eutanasia\/","title":{"rendered":"Huenchumilla patrocinar\u00e1 proyecto de eutanasia"},"content":{"rendered":"<p><strong>El senador reconoci\u00f3 estar consciente de que su decisi\u00f3n causar\u00e1 controversia en el partido que encabeza Fuad Chah\u00edn, que ya est\u00e1 enfrentado a un debate interno sobre c\u00f3mo abordar el tema del aborto libre. Sobre todo porque, adem\u00e1s de abrir un complejo escenario para la DC, su respaldo aumenta las posibilidades de que el proyecto pueda ser aprobado. Sin embargo, Huenchumilla reafirm\u00f3 que est\u00e1 convencido de su postura. \u201cHace mucho tiempo que yo vengo estudiando distintos temas, y este tema me llama mucho la atenci\u00f3n por la misericordia que siento por el sufrimiento de los viejos\u201d, sentenci\u00f3<\/strong><\/p>\n<p>El senador revel\u00f3 este viernes en un seminario que comprometi\u00f3 su firma para la iniciativa que ser\u00e1 presentada por el PPD Guido Girardi. \u201cSoy una persona cristiana, pero mi cristianismo es del siglo XXI\u201d, asegur\u00f3.<br \/>\n\u201cYo soy una persona cristiana, pero mi cristianismo es del siglo XXI\u201d. Con esas palabras, el senador DC Francisco Huenchumilla explicaba momentos despu\u00e9s de su presentaci\u00f3n el anuncio que hab\u00eda generado revuelo entre los asistentes al simposio \u201cLa agenda 2030 como base de una agenda post neoliberal compartida de la centroizquierda\u201d, realizado en el hotel Plaza San Francisco: que su firma patrocinar\u00eda el proyecto para permitir la eutanasia en Chile que impulsa el senador PPD Guido Girardi.<\/p>\n<p>El evento, organizado por la Fundaci\u00f3n por la Democracia, la Fundaci\u00f3n Friedrich Ebert y Chile 21, hab\u00eda acaparado inter\u00e9s por ser un encuentro de todas las sensibilidades de oposici\u00f3n, desde el Frente Amplio a la DC. De hecho, una de las principales presentaciones la hizo la ex presidenta Michelle Bachelet, justo un d\u00eda despu\u00e9s de lanzar su fundaci\u00f3n Horizonte Ciudadano. Y entre las otras figuras que expusieron estaban el ex ministro PC Marcos Barraza; el presidente del PPD, Heraldo Mu\u00f1oz, y el alcalde de Valpara\u00edso, Jorge Sharp (Movimiento Autonomista).<\/p>\n<p>Justamente, Huenchumilla se present\u00f3 en un panel junto a Sharp, Girardi y la ex vocera del gobierno de Bachelet, Paula Narv\u00e1ez. Y su revelaci\u00f3n de que respaldar\u00eda el proyecto de eutanasia pese a militar en la DC \u2013partido en que tanto ese tema como el aborto libre son mirados con recelo por sus v\u00ednculos confesionales- sac\u00f3 espont\u00e1neos aplausos entre los asistentes.<\/p>\n<p>Aunque el ex intendente de La Araucan\u00eda hab\u00eda comprometido con Girardi su firma de patrocinio hace dos semanas, su decisi\u00f3n se hab\u00eda mantenido en reserva.<\/p>\n<p>\u201cDesde el punto de vista de la \u00e9tica, del desamparo, la soledad, la pobreza, los sufrimientos, las enfermedades y los dolores que sufren muchos seres humanos cuando llegan al \u00faltimo l\u00edmite de su vida, yo creo que tienen derecho a tener una muerte digna y que tenemos que darles los mecanismos para que puedan morir dignamente (\u2026) Por eso firm\u00e9 el proyecto al que me invit\u00f3 el senador Girardi y voy a defender esa postura en el Senado\u201d, asever\u00f3 Huenchumilla.<\/p>\n","protected":false},"excerpt":{"rendered":"<p>El senador reconoci\u00f3 estar consciente de que su decisi\u00f3n causar\u00e1 controversia en el partido que encabeza Fuad Chah\u00edn, que ya est\u00e1 enfrentado a un debate&#8230;<\/p>\n","protected":false},"author":2,"featured_media":1363,"comment_status":"closed","ping_status":"open","sticky":false,"template":"","format":"standard","meta":{"footnotes":""},"categories":[4,267],"tags":[],"_links":{"self":[{"href":"http:\/\/www.primeranota.cl\/web\/wp-json\/wp\/v2\/posts\/1585"}],"collection":[{"href":"http:\/\/www.primeranota.cl\/web\/wp-json\/wp\/v2\/posts"}],"about":[{"href":"http:\/\/www.primeranota.cl\/web\/wp-json\/wp\/v2\/types\/post"}],"author":[{"embeddable":true,"href":"http:\/\/www.primeranota.cl\/web\/wp-json\/wp\/v2\/users\/2"}],"replies":[{"embeddable":true,"href":"http:\/\/www.primeranota.cl\/web\/wp-json\/wp\/v2\/comments?post=1585"}],"version-history":[{"count":1,"href":"http:\/\/www.primeranota.cl\/web\/wp-json\/wp\/v2\/posts\/1585\/revisions"}],"predecessor-version":[{"id":1586,"href":"http:\/\/www.primeranota.cl\/web\/wp-json\/wp\/v2\/posts\/1585\/revisions\/1586"}],"wp:featuredmedia":[{"embeddable":true,"href":"http:\/\/www.primeranota.cl\/web\/wp-json\/wp\/v2\/media\/1363"}],"wp:attachment":[{"href":"http:\/\/www.primeranota.cl\/web\/wp-json\/wp\/v2\/media?parent=1585"}],"wp:term":[{"taxonomy":"category","embeddable":true,"href":"http:\/\/www.primeranota.cl\/web\/wp-json\/wp\/v2\/categories?post=1585"},{"taxonomy":"post_tag","embeddable":true,"href":"http:\/\/www.primeranota.cl\/web\/wp-json\/wp\/v2\/tags?post=1585"}],"curies":[{"name":"wp","href":"https:\/\/api.w.org\/{rel}","templated":true}]}}