{"id":1604,"date":"2018-08-05T13:04:43","date_gmt":"2018-08-05T17:04:43","guid":{"rendered":"http:\/\/www.primeranota.cl\/web\/?p=1604"},"modified":"2018-08-05T13:04:45","modified_gmt":"2018-08-05T17:04:45","slug":"juan-de-la-cruz-suarez-el-remplazo-de-ezzati-en-el-tedeum","status":"publish","type":"post","link":"http:\/\/www.primeranota.cl\/web\/pais\/juan-de-la-cruz-suarez-el-remplazo-de-ezzati-en-el-tedeum\/","title":{"rendered":"Juan de la Cruz Su\u00e1rez, el remplazo de Ezzati en el Tedeum"},"content":{"rendered":"\n<p>Emol<\/p>\n\n\n\n<p><strong>El De\u00e1n de la Catedral de Santiago presidir\u00e1 la tradicional ceremonia religiosa el pr\u00f3ximo 18 de septiembre. Su figura ha estado fuertemente ligada al mundo del espect\u00e1culo y la cultura.<\/strong><\/p>\n\n\n\n<p>Este s\u00e1bado se confirm\u00f3 que el arzobispo de Santiago, cardenal Ricardo Ezzati, no participar\u00e1 en el Tedeum de Fiestas Patrias, decisi\u00f3n que tom\u00f3 a ra\u00edz de los cuestionamientos que ha recibido luego de que fuese citado a declarar en calidad de imputado por presunto encubrimiento en casos abusos al interior de la Iglesia Cat\u00f3lica.<\/p>\n\n\n\n<p>Tras conocerse esta noticia, se supo que el responsable de presidir la tradicional ceremonia religiosa del pr\u00f3ximo 18 de septiembre es el De\u00e1n de la Catedral de Santiago, monse\u00f1or Juan de la Cruz Su\u00e1rez.<\/p>\n\n\n\n<p>El religioso es conocido por su cercan\u00eda con el mundo del espect\u00e1culo y la cultura, ejerciendo como capell\u00e1n de los artistas y oficiando ceremonias f\u00fanebres de destacadas figuras de esta industria, como el folclorista Alberto Rey y el cantante de cumbia Luis\u00edn Land\u00e1ez.<\/p>\n\n\n\n<p>Seg\u00fan \u00e9l mismo ha relatado, su cercan\u00eda con este mundo se remonta a su infancia y tambi\u00e9n se vio reflejado mientras estaba en el seminario, donde escribi\u00f3 algunos cuentos de Navidad que posteriormente fueron representados en diversas parroquias del pa\u00eds.<\/p>\n\n\n\n<p>Adem\u00e1s, seg\u00fan declar\u00f3 en una entrevista realizada hace algunos a\u00f1os en el sitio oficial de la Conferencia Episcopal de Chile, desarroll\u00f3 una obra paralela a &#8220;Jesucristo Superestrella&#8221; durante 35 a\u00f1os. En sus palabras, el prop\u00f3sito del montaje era representar &#8220;mejor lo que dec\u00eda el evangelio&#8221;.En su rol como De\u00e1n de la Catedral Metropolitana ha participado en diversas celebraciones del Tedeum, siendo una figura clave en la preparaci\u00f3n y desarrollo de la ceremonia, recibiendo a presidentes comoEduardo Frei Ruiz-Tagle, Ricardo Lagos, Michelle Bachelet y al actual Mandatario, Sebasti\u00e1n Pi\u00f1era, durante su primera administraci\u00f3n.<\/p>\n","protected":false},"excerpt":{"rendered":"<p>Emol El De\u00e1n de la Catedral de Santiago presidir\u00e1 la tradicional ceremonia religiosa el pr\u00f3ximo 18 de septiembre. Su figura ha estado fuertemente ligada al&#8230;<\/p>\n","protected":false},"author":2,"featured_media":1520,"comment_status":"closed","ping_status":"open","sticky":false,"template":"","format":"standard","meta":{"footnotes":""},"categories":[4,267],"tags":[],"_links":{"self":[{"href":"http:\/\/www.primeranota.cl\/web\/wp-json\/wp\/v2\/posts\/1604"}],"collection":[{"href":"http:\/\/www.primeranota.cl\/web\/wp-json\/wp\/v2\/posts"}],"about":[{"href":"http:\/\/www.primeranota.cl\/web\/wp-json\/wp\/v2\/types\/post"}],"author":[{"embeddable":true,"href":"http:\/\/www.primeranota.cl\/web\/wp-json\/wp\/v2\/users\/2"}],"replies":[{"embeddable":true,"href":"http:\/\/www.primeranota.cl\/web\/wp-json\/wp\/v2\/comments?post=1604"}],"version-history":[{"count":1,"href":"http:\/\/www.primeranota.cl\/web\/wp-json\/wp\/v2\/posts\/1604\/revisions"}],"predecessor-version":[{"id":1605,"href":"http:\/\/www.primeranota.cl\/web\/wp-json\/wp\/v2\/posts\/1604\/revisions\/1605"}],"wp:featuredmedia":[{"embeddable":true,"href":"http:\/\/www.primeranota.cl\/web\/wp-json\/wp\/v2\/media\/1520"}],"wp:attachment":[{"href":"http:\/\/www.primeranota.cl\/web\/wp-json\/wp\/v2\/media?parent=1604"}],"wp:term":[{"taxonomy":"category","embeddable":true,"href":"http:\/\/www.primeranota.cl\/web\/wp-json\/wp\/v2\/categories?post=1604"},{"taxonomy":"post_tag","embeddable":true,"href":"http:\/\/www.primeranota.cl\/web\/wp-json\/wp\/v2\/tags?post=1604"}],"curies":[{"name":"wp","href":"https:\/\/api.w.org\/{rel}","templated":true}]}}