{"id":16162,"date":"2020-10-23T08:58:49","date_gmt":"2020-10-23T11:58:49","guid":{"rendered":"http:\/\/www.primeranota.cl\/web\/?p=16162"},"modified":"2020-10-23T08:59:20","modified_gmt":"2020-10-23T11:59:20","slug":"sociedad-nacional-forestal-condena-hechos-de-violencia-en-macrozona-sur-y-exige-a-las-autoridades-el-retorno-del-estado-de-derecho-en-la-zona","status":"publish","type":"post","link":"http:\/\/www.primeranota.cl\/web\/region\/sociedad-nacional-forestal-condena-hechos-de-violencia-en-macrozona-sur-y-exige-a-las-autoridades-el-retorno-del-estado-de-derecho-en-la-zona\/","title":{"rendered":"Sociedad Nacional Forestal condena hechos de violencia en macrozona sur y exige a las autoridades el retorno del estado de derecho en la zona"},"content":{"rendered":"<p style=\"font-weight: 400;\">La Sociedad Nacional Forestal, es una organizaci\u00f3n gremial que apoya a peque\u00f1os y medianos emprendedores de las \u00e1reas agr\u00edcolas, forestal maderera, que representan a un n\u00famero de 125 mil trabajadores, que conmovidos frente a los brutales atentados que han sufrido diversas pymes y la muerte de un trabajador agr\u00edcola \u00faltimamente, expresa e informa a todos los ciudadanos de nuestro pa\u00eds:<\/p>\n<p style=\"font-weight: 400;\">1.- Que diversos emprendedores de las provincias de Malleco y Cautin, han sufrido reiterados hostigamientos y tomas de predios, quemas de maquinaria agr\u00edcola y forestal, atentados a las siembras con material qu\u00edmico (usando bombas de espalda o arrojando el producto desde drones), como tambi\u00e9n la destrucci\u00f3n de plantaciones en predios forestales.<\/p>\n<p style=\"font-weight: 400;\">2.- Las v\u00edctimas de estos sucesivos atentados, se sienten en la m\u00e1s absoluta indefensi\u00f3n, porque para ellos no se disponen ni medidas precautorias en los predios atacado, ni tampoco se apersonan oportunamente ni polic\u00edas, ni el ministerio p\u00fablico, ni autoridades.<\/p>\n<p style=\"font-weight: 400;\">3.- Este no son hechos aislados, en los \u00faltimos meses hemos visto con horror, como se les ha disparado a numerosas personas que transitaba por las rutas de Malleco, llegando a herir a una ni\u00f1a que transitaba junto a sus padres y ocasionando la muerte de un trabajador. Esto sin contar numerosos atentados contra infraestructura vial y ferroviaria.<\/p>\n<p style=\"font-weight: 400;\">4.- Producto de estos atentados, han resultado perjudicados miles de trabajadores directos y todos los que se integran en la cadena productiva, perdiendo sus fuentes de ingresos, en un momento en que la crisis econ\u00f3mica generada por el COVID 19 hace que la cesant\u00eda afecte a millones de personas del centro y sur del pa\u00eds.<\/p>\n<p style=\"font-weight: 400;\">5.- Destruir nuestros campos, usurpando las cosechas, quemando los equipos, veh\u00edculos y maquinaria pertenecientes a\u00a0 peque\u00f1os empresarios, varios de ellos que a\u00fan se encuentran pagando a la banca v\u00eda cr\u00e9ditos de consumo, sepan que el precio de esta cr\u00edtica situaci\u00f3n del estado de alarma, nos hace m\u00e1s fuerte porque nos motiva la grandeza de ser emprendedores responsables, y porque nuestros trabajadores del cu\u00e1l dependen miles de familias que no merecen seguir viviendo de la incertidumbre, la inseguridad ciudadana y la desgracias de perder sus fuentes laborales. Aqu\u00ed cabemos todos, pero todos tirando del carro, pero no destruyendo nuestros campos y cosechas.<\/p>\n<p style=\"font-weight: 400;\">6.- El Estado tiene por finalidad construir el bien com\u00fan y hemos visto como sus distintas agencias no lo implementan para traer paz y progreso a las regiones afectadas. Este no es un problema que ata\u00f1e solamente el gobierno, que evidencia falta de \u00e9xitos en la materia. Es a su vez un problema del parlamento que no nos dota de la legislaci\u00f3n protectora y del poder judicial cuyas resoluciones hacen que demasiadas veces la justicia brille por su ausencia.<\/p>\n<p style=\"font-weight: 400;\">7.- En este d\u00eda tan triste de octubre solidarizamos con todas las pymes emprendedoras y con sus trabajadores por el cruel ataque del que han sido v\u00edctimas y levantamos nuestra voz para exigir el retorno al estado de derecho al Gobierno, Parlamento, Poder Judicial, Contralor\u00eda y Ministerio P\u00fablico, que se haga cargo de una vez por todas de los problemas que padecemos quienes viven en las regiones afectadas por la violencia. Un Alto Comisionado para los Pueblos Originarios es justo y muy necesario decidirlo prontamente. \u00a1Tenemos derecho a vivir en paz!, \u00a1Tenemos derecho a trabajar!, \u00a1Tenemos derecho a transitar sin temor por calles y caminos!, Tenemos derecho a vivir en un estado con seguridad democr\u00e1tica!<\/p>\n<p style=\"font-weight: 400;\">8.- Vemos con espanto recientemente en Carahue la quema de 12 maquinaria, lo que significa que la reiteraci\u00f3n de los atentados y la radicalidad creciente de los mismos, nos alejan el Estado de Derecho y aparecen grupos que reaccionan en la senda de la autotutela. \u00a1Nosotros nunca estaremos por la violencia!, \u00a1siempre privilegiaremos el dialogo y la solidaridad con todos quienes viven en las regiones donde trabajamos!<\/p>\n<p style=\"font-weight: 400;\">9.- Hacemos un llamado a todos nuestros trabajadores a ser solidarios y trabajar unidos. Porque si estamos juntos y somos responsables, evitaremos los peores da\u00f1os. Hemos perdido personas queridas en estos cobardes y viles atentados. Vayan para los que han sufrido, toda nuestra solidaridad en particular con quienes sufren el desempleo, el cierre de negocios, la incertidumbre y el temor al emprendimiento y a la inversi\u00f3n; pero confiemos que pronto se iluminar\u00e1n los esp\u00edritus de cada chileno para poder continuar con el avance hacia el futuro, en un nuevo ambiente de paz y tranquilidad, superando las actuales circunstancias que lamentablemente hoy nos afligen y preocupan.<\/p>\n","protected":false},"excerpt":{"rendered":"<p>La Sociedad Nacional Forestal, es una organizaci\u00f3n gremial que apoya a peque\u00f1os y medianos emprendedores de las \u00e1reas agr\u00edcolas, forestal maderera, que representan a un&#8230;<\/p>\n","protected":false},"author":2,"featured_media":16163,"comment_status":"closed","ping_status":"open","sticky":false,"template":"","format":"standard","meta":{"footnotes":""},"categories":[267,3],"tags":[],"_links":{"self":[{"href":"http:\/\/www.primeranota.cl\/web\/wp-json\/wp\/v2\/posts\/16162"}],"collection":[{"href":"http:\/\/www.primeranota.cl\/web\/wp-json\/wp\/v2\/posts"}],"about":[{"href":"http:\/\/www.primeranota.cl\/web\/wp-json\/wp\/v2\/types\/post"}],"author":[{"embeddable":true,"href":"http:\/\/www.primeranota.cl\/web\/wp-json\/wp\/v2\/users\/2"}],"replies":[{"embeddable":true,"href":"http:\/\/www.primeranota.cl\/web\/wp-json\/wp\/v2\/comments?post=16162"}],"version-history":[{"count":2,"href":"http:\/\/www.primeranota.cl\/web\/wp-json\/wp\/v2\/posts\/16162\/revisions"}],"predecessor-version":[{"id":16165,"href":"http:\/\/www.primeranota.cl\/web\/wp-json\/wp\/v2\/posts\/16162\/revisions\/16165"}],"wp:featuredmedia":[{"embeddable":true,"href":"http:\/\/www.primeranota.cl\/web\/wp-json\/wp\/v2\/media\/16163"}],"wp:attachment":[{"href":"http:\/\/www.primeranota.cl\/web\/wp-json\/wp\/v2\/media?parent=16162"}],"wp:term":[{"taxonomy":"category","embeddable":true,"href":"http:\/\/www.primeranota.cl\/web\/wp-json\/wp\/v2\/categories?post=16162"},{"taxonomy":"post_tag","embeddable":true,"href":"http:\/\/www.primeranota.cl\/web\/wp-json\/wp\/v2\/tags?post=16162"}],"curies":[{"name":"wp","href":"https:\/\/api.w.org\/{rel}","templated":true}]}}