{"id":16596,"date":"2020-11-21T11:07:52","date_gmt":"2020-11-21T14:07:52","guid":{"rendered":"http:\/\/www.primeranota.cl\/web\/?p=16596"},"modified":"2020-11-21T11:14:55","modified_gmt":"2020-11-21T14:14:55","slug":"cuestionada-exseremi-de-salud-en-la-araucania-asumira-como-gobernadora-de-malleco-en-reemplazo-de-juan-carlos-beltran","status":"publish","type":"post","link":"http:\/\/www.primeranota.cl\/web\/region\/cuestionada-exseremi-de-salud-en-la-araucania-asumira-como-gobernadora-de-malleco-en-reemplazo-de-juan-carlos-beltran\/","title":{"rendered":"Cuestionada exseremi de Salud en La Araucan\u00eda asumir\u00e1 como gobernadora de Malleco en reemplazo de Juan Carlos Beltr\u00e1n"},"content":{"rendered":"<p>El Gobierno confirm\u00f3 que la exseremi de Salud en La Araucan\u00eda,\u00a0<strong>Katia Guzm\u00e1n<\/strong>, asumir\u00e1 como gobernadora de la provincia de Malleco en reemplazo del renunciado\u00a0<strong>Juan Carlos Beltr\u00e1n<\/strong>, quien ser\u00e1 candidato a diputado por la zona en las pr\u00f3ximas elecciones.<\/p>\n<div class=\"lee-tambien-bbcl\">\n<div class=\"lee-tambien-caja\">Katia Beltr\u00e1n, enfermera de profesi\u00f3n, <a href=\"https:\/\/www.biobiochile.cl\/noticias\/nacional\/region-de-la-araucania\/2020\/07\/02\/seremi-salud-araucania-renucia-tras-sobreseida-sumario-la-vinculaba-brote-covid.shtml\">renunci\u00f3 a su cargo como seremi de Salud<\/a>\u00a0el pasado 2 de julio, luego estar casi 3 meses suspendida.<\/div>\n<\/div>\n<p>Esto, tras ser apuntada como responsable de un brote de covid-19 al interior del gabinete regional. Sin embargo, tanto en la investigaci\u00f3n administrativa<a href=\"https:\/\/www.biobiochile.cl\/noticias\/nacional\/region-de-la-araucania\/2020\/10\/02\/justicia-sobresee-a-katia-guzman-y-condena-en-costas-a-la-fiscalia-y-al-colegio-de-periodistas.shtml\">\u00a0como en la penal<\/a>\u00a0result\u00f3 sobrese\u00edda.<\/p>\n<div class=\"lee-tambien-bbcl\">\n<div class=\"lee-tambien-caja\"><strong>\u201cFui p\u00fablicamente acusada por medios de comunicaci\u00f3n y por personas de una manera desmedida, con agresividad y discriminaci\u00f3n de g\u00e9nero\u201d<\/strong>, dijo la autoridad cuando dej\u00f3 la Seremi de Salud.<\/div>\n<\/div>\n<p>Actualmente Guzm\u00e1n se desempe\u00f1aba como\u00a0<strong>asesora del Departamento de Salud en la Municipalidad de Angol<\/strong>, cargo que deber\u00e1 dejar para asumir como titular de la\u00a0<strong>Gobernaci\u00f3n Provincial de Malleco<\/strong>\u00a0hasta el pr\u00f3ximo a\u00f1o.<\/p>\n<p>Mediante un comunicado La Moneda inform\u00f3 que \u201cel Presidente Pi\u00f1era agradece profundamente el gran trabajo realizado por las autoridades salientes, y da la bienvenida y entrega los mejores deseos a quienes inician sus labores en el Gobierno\u201d.<\/p>\n<p>Nota Radio Bio-Bio Temuco<\/p>\n","protected":false},"excerpt":{"rendered":"<p>El Gobierno confirm\u00f3 que la exseremi de Salud en La Araucan\u00eda,\u00a0Katia Guzm\u00e1n, asumir\u00e1 como gobernadora de la provincia de Malleco en reemplazo del renunciado\u00a0Juan Carlos&#8230;<\/p>\n","protected":false},"author":2,"featured_media":16598,"comment_status":"closed","ping_status":"open","sticky":false,"template":"","format":"standard","meta":{"footnotes":""},"categories":[267,3],"tags":[],"_links":{"self":[{"href":"http:\/\/www.primeranota.cl\/web\/wp-json\/wp\/v2\/posts\/16596"}],"collection":[{"href":"http:\/\/www.primeranota.cl\/web\/wp-json\/wp\/v2\/posts"}],"about":[{"href":"http:\/\/www.primeranota.cl\/web\/wp-json\/wp\/v2\/types\/post"}],"author":[{"embeddable":true,"href":"http:\/\/www.primeranota.cl\/web\/wp-json\/wp\/v2\/users\/2"}],"replies":[{"embeddable":true,"href":"http:\/\/www.primeranota.cl\/web\/wp-json\/wp\/v2\/comments?post=16596"}],"version-history":[{"count":1,"href":"http:\/\/www.primeranota.cl\/web\/wp-json\/wp\/v2\/posts\/16596\/revisions"}],"predecessor-version":[{"id":16597,"href":"http:\/\/www.primeranota.cl\/web\/wp-json\/wp\/v2\/posts\/16596\/revisions\/16597"}],"wp:featuredmedia":[{"embeddable":true,"href":"http:\/\/www.primeranota.cl\/web\/wp-json\/wp\/v2\/media\/16598"}],"wp:attachment":[{"href":"http:\/\/www.primeranota.cl\/web\/wp-json\/wp\/v2\/media?parent=16596"}],"wp:term":[{"taxonomy":"category","embeddable":true,"href":"http:\/\/www.primeranota.cl\/web\/wp-json\/wp\/v2\/categories?post=16596"},{"taxonomy":"post_tag","embeddable":true,"href":"http:\/\/www.primeranota.cl\/web\/wp-json\/wp\/v2\/tags?post=16596"}],"curies":[{"name":"wp","href":"https:\/\/api.w.org\/{rel}","templated":true}]}}