{"id":16602,"date":"2020-11-23T08:06:52","date_gmt":"2020-11-23T11:06:52","guid":{"rendered":"http:\/\/www.primeranota.cl\/web\/?p=16602"},"modified":"2020-11-24T09:15:50","modified_gmt":"2020-11-24T12:15:50","slug":"columna-de-marcelo-carrasco-ciudadano-o-ciudadano-virtual","status":"publish","type":"post","link":"http:\/\/www.primeranota.cl\/web\/opinion\/columna-de-marcelo-carrasco-ciudadano-o-ciudadano-virtual\/","title":{"rendered":"Columna de Marcelo Carrasco: \u201cCiudadano o Ciudadano Virtual\u201d"},"content":{"rendered":"<p>A\u00f1os atr\u00e1s los partidos pol\u00edticos, en una l\u00f3gica del dialogo y el estar con los problemas reales de la ciudadan\u00eda, desarrollaban y manten\u00edan asociaciones y redes que cubr\u00edan muchos de los aspectos de la vida cotidiana, elaborando identidades colectivas y focalizando aquellos temas o asuntos cuya presencia era obligatoria en la agenda pol\u00edtica. Seleccionaban, reelaboraban, transformaban u omit\u00edan los temas de inter\u00e9s y, por tanto, ordenaban la agenda pol\u00edtica desde las mismas bases (Pizzorno, 1996).<\/p>\n<p>Pero no hasta hace un tiempo la masa ciudadana no tenia acceso a la elite pol\u00edtica, de una forma tan f\u00e1cil o r\u00e1pida, hoy puedes comunicarte de forma directa con el Presidente de la Republica, Senadores, Diputados, Ministros o altos empresarios, a trav\u00e9s, de un twiter, facebook, u otra red social, esto en teor\u00eda.<\/p>\n<p>En este cambio evolutivo tienen mucho que ver la innovaci\u00f3n tecnol\u00f3gica y las nuevas formas de comunicaci\u00f3n que ha ido desarrollando la sociedad, que permiten hacer p\u00fablicas -y compartidas- las preocupaciones y las ansias que hasta ahora eran celosamente privadas. Las\u00a0 redes sociales\u00a0 han generado un nuevo paradigma de interacci\u00f3n ciudadana propios del siglo 21 la movilizaci\u00f3n hubiera sido mucho m\u00e1s t\u00edmida y recatada y, seg\u00fan muchos de los entendidos en la materia, si no hubiese sido por la intersecci\u00f3n de la redes sociales, de hecho, hay incluso quien afirma que sin ellos no se hubiera producido nunca una convocatoria popular tan amplia en este ultimo tiempo.<\/p>\n<p>Las Web 2.0 y las Redes Sociales se han revelado como uno de los motores de tomas de decisiones m\u00e1s importantes para las personas. Pero sobre esto quiero llamar la atenci\u00f3n, por que en el ultimo tiempo existe un numero no menor de excluido de esta gran ola de participaci\u00f3n virtual, y esta democracia de las redes sociales, esto por que muchas veces se hace mas efectivo generar una tendencia en redes sociales y sobre ello, levantar leyes, decretos y muchas veces legislaciones sentidas por un sector de la poblaci\u00f3n duermen a\u00f1os, pero solo basta que para muchos Parlamentarios 2.0 y Ministros 2.0, vean una tendencia clara y se vuelva como una hoja de ruta o un mandato ciudadano que hay que resolver con urgencia. Ahora bien esto es producto del avance de la tecnolog\u00eda, la democratizaci\u00f3n de la misma, pero existe un grupo importante de personas que no se ven representados en esta forma de como se generar la pol\u00edtica publica del siglo 21.<\/p>\n<p>Que pasa con esas personas del norte, centro y sur de nuestro pa\u00eds, de nuestro mundo rural de la Araucan\u00eda, que no tienen acceso a internet, o no conocen como opera el complejo mundo de las redes sociales. Que pasa con estas demandas, de invisibilidad y que se van quedando atr\u00e1s, lo que muchas veces por estas mismas redes tienen tal nivel de penetraci\u00f3n que son capaces de posicionar temas mucho mas r\u00e1pido que los ciudadanos que no tienen esta caja de resonancia, en esta l\u00f3gica existe un discriminaci\u00f3n soterrada, por acceso a la informaci\u00f3n y la generaci\u00f3n de la misma.<\/p>\n<p>Por otro lado, este tipo de acciones ha hecho alejar a los pol\u00edticos de las reales necesidad de muchos ciudadanos que no tienen la posibilidad de expresarse por redes sociales, por que es mucho mas f\u00e1cil monitorear las redes sociales, ver las tendencias y opinar sobre estos temas, y proponer soluciones, nuevos proyectos de ley, reglamentos,\u00a0 etc.\u00a0 Pero sin la posibilidad de haber conversado con los vecinos, en sus territorios, en los problemas tan cotidianos como la mala conectividad digital, el mal estado de caminos, la distribuci\u00f3n de agua por la falta de ella, la falta de oportunidad que tienen los j\u00f3venes , la situaci\u00f3n cr\u00edtica que viven nuestras pymes, agricultura familiar campesina y emprendedores , los largos periodo de cortes de energ\u00eda en el mundo rural , la falta de resistencias para nuestros adultos mayores. Estos problemas que no est\u00e1n presentes en las redes sociales, pero que son de alto impacto para estos ciudadanos olvidados.<\/p>\n<p>El movimiento social y la critica social surge porque existen tensiones estructurales que generan la vulneraci\u00f3n de determinados intereses y porque la voluntad de enfrentarse a esta vulneraci\u00f3n no la asume ninguno de los actores colectivos existentes, ya sean partidos o grupos de inter\u00e9s. En este sentido, los movimientos sociales son una forma de acci\u00f3n pol\u00edtica colectiva que supone e implica la preexistencia de un conflicto que trata de resolverse a trav\u00e9s de la movilizaci\u00f3n, el no acceso a este tipo de tecnolog\u00edas o formas de expresi\u00f3n del siglo 21, esta excluyendo a muchos.<\/p>\n<p>Es por ello que mi llamado es a volver a la calle, a las poblaciones, al campo, a las comunidades de base, a consultar por las situaciones, problemas y oportunidades que los ciudadanos muchas veces olvidados, tienen en su mentes y corazones, eso es construir Chile, con los ciudadanos, no desde la comodidad de un computador o un tel\u00e9fono m\u00f3vil.<\/p>\n<p>\u201cNunca el mundo ha sido tan desigual en las oportunidades que brinda, pero tampoco ha sido nunca tan igualador en las ideas y las costumbres que impone. En el mundo sin alma que se nos obliga aceptar como \u00fanico mundo posible, no hay pueblos sino mercados&#8221; (Galeano).<\/p>\n<p>Marcelo Carrasco Carrasco, Consejero Regional de la Araucania<\/p>\n<p>Presidente Nacional Consejeros Regionales de Chile<\/p>\n","protected":false},"excerpt":{"rendered":"<p>A\u00f1os atr\u00e1s los partidos pol\u00edticos, en una l\u00f3gica del dialogo y el estar con los problemas reales de la ciudadan\u00eda, desarrollaban y manten\u00edan asociaciones y&#8230;<\/p>\n","protected":false},"author":2,"featured_media":12708,"comment_status":"closed","ping_status":"open","sticky":false,"template":"","format":"standard","meta":{"footnotes":""},"categories":[255,2,267],"tags":[],"_links":{"self":[{"href":"http:\/\/www.primeranota.cl\/web\/wp-json\/wp\/v2\/posts\/16602"}],"collection":[{"href":"http:\/\/www.primeranota.cl\/web\/wp-json\/wp\/v2\/posts"}],"about":[{"href":"http:\/\/www.primeranota.cl\/web\/wp-json\/wp\/v2\/types\/post"}],"author":[{"embeddable":true,"href":"http:\/\/www.primeranota.cl\/web\/wp-json\/wp\/v2\/users\/2"}],"replies":[{"embeddable":true,"href":"http:\/\/www.primeranota.cl\/web\/wp-json\/wp\/v2\/comments?post=16602"}],"version-history":[{"count":1,"href":"http:\/\/www.primeranota.cl\/web\/wp-json\/wp\/v2\/posts\/16602\/revisions"}],"predecessor-version":[{"id":16603,"href":"http:\/\/www.primeranota.cl\/web\/wp-json\/wp\/v2\/posts\/16602\/revisions\/16603"}],"wp:featuredmedia":[{"embeddable":true,"href":"http:\/\/www.primeranota.cl\/web\/wp-json\/wp\/v2\/media\/12708"}],"wp:attachment":[{"href":"http:\/\/www.primeranota.cl\/web\/wp-json\/wp\/v2\/media?parent=16602"}],"wp:term":[{"taxonomy":"category","embeddable":true,"href":"http:\/\/www.primeranota.cl\/web\/wp-json\/wp\/v2\/categories?post=16602"},{"taxonomy":"post_tag","embeddable":true,"href":"http:\/\/www.primeranota.cl\/web\/wp-json\/wp\/v2\/tags?post=16602"}],"curies":[{"name":"wp","href":"https:\/\/api.w.org\/{rel}","templated":true}]}}