{"id":17253,"date":"2021-02-11T08:24:21","date_gmt":"2021-02-11T11:24:21","guid":{"rendered":"http:\/\/www.primeranota.cl\/web\/?p=17253"},"modified":"2021-02-11T08:24:21","modified_gmt":"2021-02-11T11:24:21","slug":"inicio-el-periodo-de-propaganda-electoral","status":"publish","type":"post","link":"http:\/\/www.primeranota.cl\/web\/pais\/inicio-el-periodo-de-propaganda-electoral\/","title":{"rendered":"Inicio el periodo de propaganda electoral"},"content":{"rendered":"<p>Este mi\u00e9rcoles comenz\u00f3 el plazo legal de propaganda electoral para las elecciones del 11 de abril. Un proceso que este a\u00f1o re\u00fane varias caracter\u00edsticas particulares: Son m\u00e1s de 20 mil los candidatos que postular\u00e1n para cubrir casi 3 mil cargos, en medio de una pandemia que obliga a los comandos a innovar en la manera de hacer campa\u00f1a.<\/p>\n","protected":false},"excerpt":{"rendered":"<p>Este mi\u00e9rcoles comenz\u00f3 el plazo legal de propaganda electoral para las elecciones del 11 de abril. Un proceso que este a\u00f1o re\u00fane varias caracter\u00edsticas particulares:&#8230;<\/p>\n","protected":false},"author":2,"featured_media":2650,"comment_status":"closed","ping_status":"open","sticky":false,"template":"","format":"standard","meta":{"footnotes":""},"categories":[4,267],"tags":[],"_links":{"self":[{"href":"http:\/\/www.primeranota.cl\/web\/wp-json\/wp\/v2\/posts\/17253"}],"collection":[{"href":"http:\/\/www.primeranota.cl\/web\/wp-json\/wp\/v2\/posts"}],"about":[{"href":"http:\/\/www.primeranota.cl\/web\/wp-json\/wp\/v2\/types\/post"}],"author":[{"embeddable":true,"href":"http:\/\/www.primeranota.cl\/web\/wp-json\/wp\/v2\/users\/2"}],"replies":[{"embeddable":true,"href":"http:\/\/www.primeranota.cl\/web\/wp-json\/wp\/v2\/comments?post=17253"}],"version-history":[{"count":1,"href":"http:\/\/www.primeranota.cl\/web\/wp-json\/wp\/v2\/posts\/17253\/revisions"}],"predecessor-version":[{"id":17254,"href":"http:\/\/www.primeranota.cl\/web\/wp-json\/wp\/v2\/posts\/17253\/revisions\/17254"}],"wp:featuredmedia":[{"embeddable":true,"href":"http:\/\/www.primeranota.cl\/web\/wp-json\/wp\/v2\/media\/2650"}],"wp:attachment":[{"href":"http:\/\/www.primeranota.cl\/web\/wp-json\/wp\/v2\/media?parent=17253"}],"wp:term":[{"taxonomy":"category","embeddable":true,"href":"http:\/\/www.primeranota.cl\/web\/wp-json\/wp\/v2\/categories?post=17253"},{"taxonomy":"post_tag","embeddable":true,"href":"http:\/\/www.primeranota.cl\/web\/wp-json\/wp\/v2\/tags?post=17253"}],"curies":[{"name":"wp","href":"https:\/\/api.w.org\/{rel}","templated":true}]}}