{"id":1735,"date":"2018-08-10T08:27:26","date_gmt":"2018-08-10T12:27:26","guid":{"rendered":"http:\/\/www.primeranota.cl\/web\/?p=1735"},"modified":"2018-08-10T12:22:20","modified_gmt":"2018-08-10T16:22:20","slug":"se-salvo-el-ministro-santelices","status":"publish","type":"post","link":"http:\/\/www.primeranota.cl\/web\/pais\/se-salvo-el-ministro-santelices\/","title":{"rendered":"Se salv\u00f3 el ministro Santelices"},"content":{"rendered":"<p><strong>Junto al saliente Gerardo Varela, quien finalmente fue removido de Educaci\u00f3n, Santelices parec\u00eda ser una carta fija en el cambio de gabinete de este jueves, sin embargo, el mandatario opt\u00f3 por reforzar el Minsal desde otra arista.<\/strong><br \/>\nAs\u00ed, Pi\u00f1era consider\u00f3 un cambio a nivel de la Subsecretar\u00eda de Redes Asistenciales, donde decret\u00f3 la salida de Gloria Burgos y decidi\u00f3 su reemplazo por Luis Castillo, un conocedor del \u00e1rea porque ocup\u00f3 el mismo cargo entre 2010 y 2014, en la primera administraci\u00f3n pi\u00f1erista.<br \/>\nPara entender la continuidad de Santelices como ministro, hay que instalar el foco en que La Moneda tiene puestas todas las fichas en la presentaci\u00f3n del Acuerdo Nacional por la Salud, cuyas conclusiones ser\u00e1n dadas a conocer el lunes.<br \/>\nEl trabajo de Santelices en esa instancia es valorado, al igual que su manejo al interior de la cartera, lo que finalmente le signific\u00f3 el perd\u00f3n presidencial. Y, adem\u00e1s, en Chile Vamos cuenta con espaldas. De hecho, el senador RN Francisco Chahu\u00e1n lo ha calificado como \u201cuno de los mejores ministros del Gobierno del Presidente Pi\u00f1era\u201d.<br \/>\nSeguidilla de pol\u00e9micas<br \/>\nPero Santelices ha protagonizado una seguidilla de desaguisados en apenas 5 meses en el cargo. No llevaba ni un mes en el Minsal y \u201cse arranc\u00f3 con los tarros&#8221; al dar curso al pol\u00e9mico decreto que modific\u00f3 el protocolo de aplicaci\u00f3n de la objeci\u00f3n de conciencia en la Ley de Aborto en tres causales. En ese momento, el doctor se coordin\u00f3 con el jefe del Segundo Piso, Cristi\u00e1n Larroulet, sin consultar con el Presidente Pi\u00f1era. La oposici\u00f3n reaccion\u00f3 indignada con el cambio en las reglas del juego: el hecho le cost\u00f3 una interpelaci\u00f3n y una acusaci\u00f3n constitucional que no prosper\u00f3 en el Congreso.<br \/>\nOtro foco de tensi\u00f3n para Santelices fue la entrega de los err\u00f3neos n\u00fameros respecto al VIH, cuando dijo que esta enfermedad se ha escapado &#8220;de todas las cifras de contagio de los pa\u00edses de Latinoam\u00e9rica e, incluso, de \u00c1frica&#8221;. Luego, tuvo que aclarar por qu\u00e9 varios meses despu\u00e9s de haber asumido el cargo ministerial a\u00fan ten\u00eda en su poder acciones de Sonda, una empresa que mantiene contratos con Fonasa. Y Santelices tuvo que dar explicaciones hasta hoy mismo, respecto a la cr\u00edtica situaci\u00f3n del Servicio de Oncolog\u00eda del Hospital San Borja Arriar\u00e1n, donde pacientes con quimioterapia est\u00e1n recibiendo sus tratamientos en forma irregular, con el consiguiente riesgo a su vida que ello conlleva.<\/p>\n","protected":false},"excerpt":{"rendered":"<p>Junto al saliente Gerardo Varela, quien finalmente fue removido de Educaci\u00f3n, Santelices parec\u00eda ser una carta fija en el cambio de gabinete de este jueves,&#8230;<\/p>\n","protected":false},"author":2,"featured_media":1742,"comment_status":"closed","ping_status":"open","sticky":false,"template":"","format":"standard","meta":{"footnotes":""},"categories":[4,267],"tags":[],"_links":{"self":[{"href":"http:\/\/www.primeranota.cl\/web\/wp-json\/wp\/v2\/posts\/1735"}],"collection":[{"href":"http:\/\/www.primeranota.cl\/web\/wp-json\/wp\/v2\/posts"}],"about":[{"href":"http:\/\/www.primeranota.cl\/web\/wp-json\/wp\/v2\/types\/post"}],"author":[{"embeddable":true,"href":"http:\/\/www.primeranota.cl\/web\/wp-json\/wp\/v2\/users\/2"}],"replies":[{"embeddable":true,"href":"http:\/\/www.primeranota.cl\/web\/wp-json\/wp\/v2\/comments?post=1735"}],"version-history":[{"count":1,"href":"http:\/\/www.primeranota.cl\/web\/wp-json\/wp\/v2\/posts\/1735\/revisions"}],"predecessor-version":[{"id":1737,"href":"http:\/\/www.primeranota.cl\/web\/wp-json\/wp\/v2\/posts\/1735\/revisions\/1737"}],"wp:featuredmedia":[{"embeddable":true,"href":"http:\/\/www.primeranota.cl\/web\/wp-json\/wp\/v2\/media\/1742"}],"wp:attachment":[{"href":"http:\/\/www.primeranota.cl\/web\/wp-json\/wp\/v2\/media?parent=1735"}],"wp:term":[{"taxonomy":"category","embeddable":true,"href":"http:\/\/www.primeranota.cl\/web\/wp-json\/wp\/v2\/categories?post=1735"},{"taxonomy":"post_tag","embeddable":true,"href":"http:\/\/www.primeranota.cl\/web\/wp-json\/wp\/v2\/tags?post=1735"}],"curies":[{"name":"wp","href":"https:\/\/api.w.org\/{rel}","templated":true}]}}