{"id":17705,"date":"2021-04-14T09:47:07","date_gmt":"2021-04-14T13:47:07","guid":{"rendered":"http:\/\/www.primeranota.cl\/web\/?p=17705"},"modified":"2021-04-14T09:47:07","modified_gmt":"2021-04-14T13:47:07","slug":"comision-despacha-tercer-retiro-del-10-de-fondos-con-indicacion-que-busca-evitar-al-tc","status":"publish","type":"post","link":"http:\/\/www.primeranota.cl\/web\/pais\/comision-despacha-tercer-retiro-del-10-de-fondos-con-indicacion-que-busca-evitar-al-tc\/","title":{"rendered":"Comisi\u00f3n despacha tercer retiro del 10% de fondos con indicaci\u00f3n que busca evitar al TC"},"content":{"rendered":"<p>La\u00a0<strong>Comisi\u00f3n de Constituci\u00f3n, Legislaci\u00f3n, Justicia y Reglamento<\/strong>\u00a0de la C\u00e1mara de Diputadas y Diputados aprob\u00f3, la tarde de este martes, el proyecto que permite un\u00a0<strong>tercer retiro del 10% fondos de pensiones<\/strong>. Esta vez, la instancia despach\u00f3 el proyecto con\u00a0<strong>indicaciones,\u00a0<\/strong>la principal, una que permite al Congreso ingresar proyectos de este tipo en estado de excepci\u00f3n constitucional.<\/p>\n<p>Tal como fue aprobado por la comisi\u00f3n, el\u00a0texto legal establece que, excepcionalmente y en el contexto de la crisis sanitaria, los afiliados del sistema privado de pensiones podr\u00e1n realizar un<strong>\u00a0retiro de hasta el 10% de los fondos acumulados<\/strong>\u00a0en su cuenta de capitalizaci\u00f3n individual.<\/p>\n<p>Como fue en el caso de los dos primeros retiros, los afiliados\u00a0<strong>podr\u00e1n retirar un m\u00e1ximo de 150 (4,3 millones de pesos) y un m\u00ednimo de retiro de 35 UF (un mill\u00f3n de pesos), en<\/strong>\u00a0caso de que los saldos acumulados en la cuenta as\u00ed lo permitan. En el caso de que los fondos sean menores, los afiliados podr\u00e1n retirar la totalidad de sus fondos.<\/p>\n<p>La indicaci\u00f3n presentada y que tuvo diferencias entre los parlamentarios de izquierda y derecha fue la presentada por el diputado de la Democracia Cristiana (DC) Mat\u00edas Walker, que le entregaba\u00a0<strong>facultades especiales al Congreso para realizar ciertas reformas frente a estados de excepci\u00f3n constitucionales,<\/strong>\u00a0que no requerir\u00eda la atribuci\u00f3n exclusiva del Presidente, para\u00a0<strong>evitar as\u00ed que el TC declarara inconstitucional\u00a0<\/strong>la normativa.<\/p>\n<p>De todos modos, este fue aprobado por la instancia, con\u00a0<strong>siete votos a favor y seis votos en contra,<\/strong>\u00a0aunque este deber\u00e1 ser ratificado por la sala de la C\u00e1mara de Diputadas y Diputados y el Senado, con un\u00a0<strong>qu\u00f3rum de tres quintos (3\/5)\u00a0<\/strong>de los parlamentarios, por lo que se requiere el apoyo de Chile Vamos.<\/p>\n<p>Representantes de Renovaci\u00f3n Nacional (RN), pese a que rechazaron esta normativa, aseguraron que le\u00a0<strong>pedir\u00e1n al gobierno que no vaya al Tribunal Constitucional (TC)\u00a0<\/strong>para evitar que este proyecto sea ley.<\/p>\n<p>El\u00a0<strong>Ejecutivo, sin embargo, volvi\u00f3 a hacer reserva de constitucionalidad al proyecto,<\/strong>\u00a0lo que le permite llevarlo al TC en caso de que sea aprobado en la sala de la c\u00e1mara y tambi\u00e9n en la sala del Senado.<\/p>\n<h2>Fondo de reposici\u00f3n del retiro<\/h2>\n<p>Una segunda indicaci\u00f3n, que propon\u00eda la<strong>\u00a0creaci\u00f3n de un fondo para reintegrar, con el tiempo, el retiro de los fondos de pensiones,<\/strong>\u00a0fue\u00a0<strong>rechazada por la Comisi\u00f3n de Constituci\u00f3n.\u00a0<\/strong>Si bien los parlamentarios coincidieron en que hab\u00eda una necesidad de hacerse cargo de este tema, concluyeron que esto se puede hacer en otro proceso legal.<\/p>\n<p>Esta normativa tuvo\u00a0<strong>seis votos a favor, cinco en contra y dos abstenciones,<\/strong>\u00a0por lo que no fue incluida en el proyecto que ahora deber\u00e1 ser revisado por la sala de la C\u00e1mara de Diputadas y Diputados.<\/p>\n<h2>Renta vitalicia<\/h2>\n<p>La instancia tambi\u00e9n incorpor\u00f3 al proyecto la indicaci\u00f3n que incluye en el retiro de parte de sus fondos a<strong>\u00a0qu<\/strong><strong>i<\/strong><strong>enes se hayan jubilado mediante el sistema de renta vitalicia.\u00a0<\/strong>Sin embargo, la norma tuvo siete votos a favor<\/p>\n<p>Para que sea aprobada en la sala de la c\u00e1mara, la norma<strong>\u00a0necesita los votos de Chile Vamos<\/strong>\u00a0o podr\u00eda ser rechazada, como ocurri\u00f3 al momento del segundo retiro de fondos previsionales, cuando faltaron cinco votos.<\/p>\n<p>La norma aprobada es de car\u00e1cter permanente y, en caso de aprobarse, regir\u00eda hasta que otra posterior la reemplace o la derogue.\u00a0<strong>Otro proyecto de similares caracter\u00edsticas, impulsado por la bancada de Renovaci\u00f3n Nacional (RN) fue rechazado,\u00a0<\/strong>luego que se aprobara la primera normativa.<\/p>\n<p>&nbsp;<\/p>\n<p>&nbsp;<\/p>\n","protected":false},"excerpt":{"rendered":"<p>La\u00a0Comisi\u00f3n de Constituci\u00f3n, Legislaci\u00f3n, Justicia y Reglamento\u00a0de la C\u00e1mara de Diputadas y Diputados aprob\u00f3, la tarde de este martes, el proyecto que permite un\u00a0tercer retiro&#8230;<\/p>\n","protected":false},"author":7,"featured_media":17706,"comment_status":"closed","ping_status":"open","sticky":false,"template":"","format":"standard","meta":{"footnotes":""},"categories":[4,267],"tags":[],"_links":{"self":[{"href":"http:\/\/www.primeranota.cl\/web\/wp-json\/wp\/v2\/posts\/17705"}],"collection":[{"href":"http:\/\/www.primeranota.cl\/web\/wp-json\/wp\/v2\/posts"}],"about":[{"href":"http:\/\/www.primeranota.cl\/web\/wp-json\/wp\/v2\/types\/post"}],"author":[{"embeddable":true,"href":"http:\/\/www.primeranota.cl\/web\/wp-json\/wp\/v2\/users\/7"}],"replies":[{"embeddable":true,"href":"http:\/\/www.primeranota.cl\/web\/wp-json\/wp\/v2\/comments?post=17705"}],"version-history":[{"count":1,"href":"http:\/\/www.primeranota.cl\/web\/wp-json\/wp\/v2\/posts\/17705\/revisions"}],"predecessor-version":[{"id":17707,"href":"http:\/\/www.primeranota.cl\/web\/wp-json\/wp\/v2\/posts\/17705\/revisions\/17707"}],"wp:featuredmedia":[{"embeddable":true,"href":"http:\/\/www.primeranota.cl\/web\/wp-json\/wp\/v2\/media\/17706"}],"wp:attachment":[{"href":"http:\/\/www.primeranota.cl\/web\/wp-json\/wp\/v2\/media?parent=17705"}],"wp:term":[{"taxonomy":"category","embeddable":true,"href":"http:\/\/www.primeranota.cl\/web\/wp-json\/wp\/v2\/categories?post=17705"},{"taxonomy":"post_tag","embeddable":true,"href":"http:\/\/www.primeranota.cl\/web\/wp-json\/wp\/v2\/tags?post=17705"}],"curies":[{"name":"wp","href":"https:\/\/api.w.org\/{rel}","templated":true}]}}