{"id":17739,"date":"2021-04-15T17:09:23","date_gmt":"2021-04-15T21:09:23","guid":{"rendered":"http:\/\/www.primeranota.cl\/web\/?p=17739"},"modified":"2021-04-15T17:09:23","modified_gmt":"2021-04-15T21:09:23","slug":"con-el-apoyo-de-indap-mujeres-mapuche-venden-sus-lechugas-a-supermercados-jumbo-en-temuco","status":"publish","type":"post","link":"http:\/\/www.primeranota.cl\/web\/region\/con-el-apoyo-de-indap-mujeres-mapuche-venden-sus-lechugas-a-supermercados-jumbo-en-temuco\/","title":{"rendered":"Con el apoyo de INDAP, mujeres mapuche venden sus lechugas a supermercados JUMBO en Temuco"},"content":{"rendered":"<p>Es sabido, por los peque\u00f1os emprendedores, que una vez superada la etapa de producci\u00f3n, el gran norte es establecer canales de comercializaci\u00f3n formales, de esta manera asegurar el retorno de la inversi\u00f3n y consolidar un negocio rentable. Bajo esta l\u00f3gica es que INDAP, en la regi\u00f3n de La Araucan\u00eda, est\u00e1 apostando en apoyar a peque\u00f1os agricultores, para encadenarlos al mercado formal, tal como es el caso de la Agrupaci\u00f3n de Agricultoras R\u00edo Quino SpA., de la comuna de Victoria, en la provincia de Malleco.<\/p>\n<p>Precisamente, este grupo constituido por siete mujeres mapuche, ha comenzado a entregar peri\u00f3dicamente su producci\u00f3n de lechugas tipo lollo bionda a supermercados JUMBO en Temuco, cadena que pertenece al consorcio CENCOSUD S.A.<\/p>\n<p>Seg\u00fan Ana Colicheo, agricultora y representante de la agrupaci\u00f3n productiva, esta es una tremenda oportunidad para ellas, porque pone al alcance de muchos consumidores hortalizas frescas, cultivadas por manos de mujeres campesinas. \u201c<strong><em>Agradecemos todo el apoyo que hemos recibido, no ha sido f\u00e1cil, pero es un gran paso el que hemos dado. Adem\u00e1s, esperamos pronto comenzar a entregar acelgas y espinacas<\/em><\/strong>\u201d, puntualiz\u00f3 la agricultora.<\/p>\n<p>Por su parte, Carolina Meier, directora regional de INDAP, sostuvo que este encadenamiento ha logrado salir adelante gracias al trabajo y perseverancia de las agricultoras, el cual se complement\u00f3 con el apoyo recibido por el servicio del agro.<br \/>\n\u201c<strong><em>Estamos muy contentos, porque este es uno de los caminos para que la Agricultura Familiar Campesina (AFC) se pueda incorporar al mercado formal; y as\u00ed poder abastecer con sus productos a los supermercados de la regi\u00f3n. Sin duda que, la asociatividad, entre los peque\u00f1os productores, es una herramienta importante para lograr cumplir con los vol\u00famenes requeridos, y unir esfuerzos para generar desarrollo en los territorios<\/em><\/strong>\u201d, acot\u00f3 la Directora.<\/p>\n<p>La autoridad regional del agro, adem\u00e1s sostuvo que, en este caso puntual, con la agrupaci\u00f3n de agricultoras R\u00edo Quino de Victoria, se viene realizando un trabajo arduo y en conjunto con las emprendedoras, asegurando que \u201c<strong><em>con la finalidad de poder habilitarlas para comercializar en el mercado formal, hemos entregado (INDAP) el apoyo t\u00e9cnico, la capacitaci\u00f3n y las inversiones que se requieren para disminuir las brechas productivas<\/em><\/strong>\u201d<\/p>\n<p>En este contexto, desde el supermercado aseguraron que est\u00e1n buscando integrar productos locales y ofrecer m\u00e1s variedad a los clientes. \u201c<strong><em>Este es el primer paso, para dar inicio a nuevas alianzas con productores locales; de esta forma apoyarlos y potenciarlos<\/em><\/strong>\u201d, as\u00ed lo manifest\u00f3 Andr\u00e9s Y\u00e1\u00f1ez, subgerente de JUMBO Los Pablos. \u201c<strong><em>Nosotros, antes de agregar un nuevo proveedor, verificamos la calidad de sus productos, y estos productores locales cuentan con todos los est\u00e1ndares que exigimos, los que adem\u00e1s est\u00e1n certificados a nivel nacional e internacional<\/em><\/strong>\u201d, precis\u00f3 el subgerente.<\/p>\n<p>Los peque\u00f1os agricultores interesados en participar en una iniciativa de este tipo, deben contactarse con la oficina de la Agencia de \u00c1rea INDAP correspondiente a su comuna en La Araucan\u00eda.<\/p>\n","protected":false},"excerpt":{"rendered":"<p>Es sabido, por los peque\u00f1os emprendedores, que una vez superada la etapa de producci\u00f3n, el gran norte es establecer canales de comercializaci\u00f3n formales, de esta&#8230;<\/p>\n","protected":false},"author":7,"featured_media":17740,"comment_status":"closed","ping_status":"open","sticky":false,"template":"","format":"standard","meta":{"footnotes":""},"categories":[267,3],"tags":[],"_links":{"self":[{"href":"http:\/\/www.primeranota.cl\/web\/wp-json\/wp\/v2\/posts\/17739"}],"collection":[{"href":"http:\/\/www.primeranota.cl\/web\/wp-json\/wp\/v2\/posts"}],"about":[{"href":"http:\/\/www.primeranota.cl\/web\/wp-json\/wp\/v2\/types\/post"}],"author":[{"embeddable":true,"href":"http:\/\/www.primeranota.cl\/web\/wp-json\/wp\/v2\/users\/7"}],"replies":[{"embeddable":true,"href":"http:\/\/www.primeranota.cl\/web\/wp-json\/wp\/v2\/comments?post=17739"}],"version-history":[{"count":1,"href":"http:\/\/www.primeranota.cl\/web\/wp-json\/wp\/v2\/posts\/17739\/revisions"}],"predecessor-version":[{"id":17741,"href":"http:\/\/www.primeranota.cl\/web\/wp-json\/wp\/v2\/posts\/17739\/revisions\/17741"}],"wp:featuredmedia":[{"embeddable":true,"href":"http:\/\/www.primeranota.cl\/web\/wp-json\/wp\/v2\/media\/17740"}],"wp:attachment":[{"href":"http:\/\/www.primeranota.cl\/web\/wp-json\/wp\/v2\/media?parent=17739"}],"wp:term":[{"taxonomy":"category","embeddable":true,"href":"http:\/\/www.primeranota.cl\/web\/wp-json\/wp\/v2\/categories?post=17739"},{"taxonomy":"post_tag","embeddable":true,"href":"http:\/\/www.primeranota.cl\/web\/wp-json\/wp\/v2\/tags?post=17739"}],"curies":[{"name":"wp","href":"https:\/\/api.w.org\/{rel}","templated":true}]}}