{"id":17793,"date":"2021-04-19T21:25:17","date_gmt":"2021-04-20T01:25:17","guid":{"rendered":"http:\/\/www.primeranota.cl\/web\/?p=17793"},"modified":"2021-04-19T21:25:17","modified_gmt":"2021-04-20T01:25:17","slug":"ministra-rubilar-a-rechazados-en-bono-clase-media-vamos-a-buscar-una-solucion","status":"publish","type":"post","link":"http:\/\/www.primeranota.cl\/web\/pais\/ministra-rubilar-a-rechazados-en-bono-clase-media-vamos-a-buscar-una-solucion\/","title":{"rendered":"Ministra Rubilar a rechazados en Bono Clase Media: &#8220;Vamos a buscar una soluci\u00f3n&#8221;"},"content":{"rendered":"<p>Hasta la ma\u00f1ana de este lunes, cerca de 1,5 millones de personas ya han solicitado el Bono Clase Media 2021. As\u00ed lo confirm\u00f3 la propia ministra de Desarrollo Social, Karla Rubilar.<\/p>\n<p>En conversaci\u00f3n con Tele13 Radio, la autoridad precis\u00f3 que es &#8220;un porcentaje muy elevado de la estimaci\u00f3n que ten\u00edamos del bono de clase media, que aspir\u00e1bamos a llegar a dos millones de bonos, sin considerar el bono de pensionados y el de transportistas&#8221;.<\/p>\n<p>Sobre las casi 200 mil apelaciones que se han recibido por parte de personas que no han calificado para el beneficio, la Ministra de Desarrollo Social indic\u00f3 que se est\u00e1n haciendo cargo del tema y buscar\u00e1n una soluci\u00f3n.<\/p>\n<p>De hecho, precis\u00f3 que -en el caso que las personas apelen y no califiquen para ning\u00fan beneficio- se crear\u00e1 una nueva herramienta de red de protecci\u00f3n para ir en ayuda de quienes lo necesiten.<\/p>\n<p>&#8220;Esas 190 mil apelaciones, es parte de lo que nosotros tenemos que mirar y subsanar de alguna manera, ya sea con modificaciones, ya sea otras herramientas (&#8230;) s\u00ed o s\u00ed vamos a buscar una soluci\u00f3n y eso es lo que yo quiero transmitirles, nosotros vamos a tomar esos casos, vamos a buscar en qu\u00e9 herramienta de red de protecci\u00f3n califican y si no califican en ninguna, vamos a crear una nueva, ese es el compromiso que hemos tomado y lo que nos pidi\u00f3 el Presidente Pi\u00f1era&#8221;, precis\u00f3.<\/p>\n<p>Seg\u00fan la secretaria de Estado, existen dos escenarios que se han presentado frente al rechazo de solicitudes.<\/p>\n<p>&#8220;Un escenario es porque puede haber d\u00e9ficit de informaci\u00f3n, porque el empleador no present\u00f3 los papeles o la cotizaci\u00f3n tiene alg\u00fan problema y el SII tiene otros datos y en ese caso aspiramos que esa apelaci\u00f3n sea positiva&#8221;, declar\u00f3.<\/p>\n<p>Y agreg\u00f3: &#8220;Nos puede pasar tambi\u00e9n de que haya casos donde en el marco del dise\u00f1o del bono de clase media, esas familias no califiquen, y ah\u00ed hemos puesto un especial \u00e9nfasis para revisar cada uno de esos casos, ver en qu\u00e9 herramienta de protecci\u00f3n social califican [las personas] y si no califican en ninguna, ver cu\u00e1l herramienta de protecci\u00f3n social vamos a tener que revisar para ellos para poder llegar con ayuda&#8221;.<\/p>\n<p>En cuanto a la creaci\u00f3n e implementaci\u00f3n de beneficios durante la pandemia, Rubilar dijo que &#8220;hemos ido mejorando y entendemos que tenemos que tener mayor cobertura y efectivamente hacerlo m\u00e1s simple, sin lugar a dudas, crear una red de protecci\u00f3n en pandemia ha sido dif\u00edcil, con aciertos y con errores y en esos errores obviamente estamos trabajando para subsanarlos y es el trabajo que estamos haciendo&#8221;.<\/p>\n","protected":false},"excerpt":{"rendered":"<p>Hasta la ma\u00f1ana de este lunes, cerca de 1,5 millones de personas ya han solicitado el Bono Clase Media 2021. As\u00ed lo confirm\u00f3 la propia&#8230;<\/p>\n","protected":false},"author":7,"featured_media":17794,"comment_status":"closed","ping_status":"open","sticky":false,"template":"","format":"standard","meta":{"footnotes":""},"categories":[4,267],"tags":[],"_links":{"self":[{"href":"http:\/\/www.primeranota.cl\/web\/wp-json\/wp\/v2\/posts\/17793"}],"collection":[{"href":"http:\/\/www.primeranota.cl\/web\/wp-json\/wp\/v2\/posts"}],"about":[{"href":"http:\/\/www.primeranota.cl\/web\/wp-json\/wp\/v2\/types\/post"}],"author":[{"embeddable":true,"href":"http:\/\/www.primeranota.cl\/web\/wp-json\/wp\/v2\/users\/7"}],"replies":[{"embeddable":true,"href":"http:\/\/www.primeranota.cl\/web\/wp-json\/wp\/v2\/comments?post=17793"}],"version-history":[{"count":1,"href":"http:\/\/www.primeranota.cl\/web\/wp-json\/wp\/v2\/posts\/17793\/revisions"}],"predecessor-version":[{"id":17795,"href":"http:\/\/www.primeranota.cl\/web\/wp-json\/wp\/v2\/posts\/17793\/revisions\/17795"}],"wp:featuredmedia":[{"embeddable":true,"href":"http:\/\/www.primeranota.cl\/web\/wp-json\/wp\/v2\/media\/17794"}],"wp:attachment":[{"href":"http:\/\/www.primeranota.cl\/web\/wp-json\/wp\/v2\/media?parent=17793"}],"wp:term":[{"taxonomy":"category","embeddable":true,"href":"http:\/\/www.primeranota.cl\/web\/wp-json\/wp\/v2\/categories?post=17793"},{"taxonomy":"post_tag","embeddable":true,"href":"http:\/\/www.primeranota.cl\/web\/wp-json\/wp\/v2\/tags?post=17793"}],"curies":[{"name":"wp","href":"https:\/\/api.w.org\/{rel}","templated":true}]}}