{"id":1780,"date":"2018-08-13T07:55:46","date_gmt":"2018-08-13T10:55:46","guid":{"rendered":"http:\/\/www.primeranota.cl\/web\/?p=1780"},"modified":"2018-08-13T11:39:08","modified_gmt":"2018-08-13T14:39:08","slug":"ricardo-lagos-sufre-caida-y-es-trasladado-a-un-recinto-asistencial","status":"publish","type":"post","link":"http:\/\/www.primeranota.cl\/web\/pais\/ricardo-lagos-sufre-caida-y-es-trasladado-a-un-recinto-asistencial\/","title":{"rendered":"Ricardo Lagos sufre ca\u00edda y es trasladado a un recinto asistencial"},"content":{"rendered":"<p><strong>Estable y fuera de riesgo vital se encuentra el ex presidente, quien la noche de este domingo, sufriera una ca\u00edda que le provoco un Tec cerrado. Hecho que motivo su traslado a hasta la cl\u00ednica almena de Vitacura.<\/strong><br \/>\nEl octogenario pol\u00edtico nacional est\u00e1 siendo monitoreado por los profesionales de la cl\u00ednica, y se espera que durante las pr\u00f3ximas horas se puedan conocer m\u00e1s detalles sobre su estado de salud<\/p>\n","protected":false},"excerpt":{"rendered":"<p>Estable y fuera de riesgo vital se encuentra el ex presidente, quien la noche de este domingo, sufriera una ca\u00edda que le provoco un Tec&#8230;<\/p>\n","protected":false},"author":2,"featured_media":1787,"comment_status":"closed","ping_status":"open","sticky":false,"template":"","format":"standard","meta":{"footnotes":""},"categories":[4,267],"tags":[],"_links":{"self":[{"href":"http:\/\/www.primeranota.cl\/web\/wp-json\/wp\/v2\/posts\/1780"}],"collection":[{"href":"http:\/\/www.primeranota.cl\/web\/wp-json\/wp\/v2\/posts"}],"about":[{"href":"http:\/\/www.primeranota.cl\/web\/wp-json\/wp\/v2\/types\/post"}],"author":[{"embeddable":true,"href":"http:\/\/www.primeranota.cl\/web\/wp-json\/wp\/v2\/users\/2"}],"replies":[{"embeddable":true,"href":"http:\/\/www.primeranota.cl\/web\/wp-json\/wp\/v2\/comments?post=1780"}],"version-history":[{"count":1,"href":"http:\/\/www.primeranota.cl\/web\/wp-json\/wp\/v2\/posts\/1780\/revisions"}],"predecessor-version":[{"id":1781,"href":"http:\/\/www.primeranota.cl\/web\/wp-json\/wp\/v2\/posts\/1780\/revisions\/1781"}],"wp:featuredmedia":[{"embeddable":true,"href":"http:\/\/www.primeranota.cl\/web\/wp-json\/wp\/v2\/media\/1787"}],"wp:attachment":[{"href":"http:\/\/www.primeranota.cl\/web\/wp-json\/wp\/v2\/media?parent=1780"}],"wp:term":[{"taxonomy":"category","embeddable":true,"href":"http:\/\/www.primeranota.cl\/web\/wp-json\/wp\/v2\/categories?post=1780"},{"taxonomy":"post_tag","embeddable":true,"href":"http:\/\/www.primeranota.cl\/web\/wp-json\/wp\/v2\/tags?post=1780"}],"curies":[{"name":"wp","href":"https:\/\/api.w.org\/{rel}","templated":true}]}}