{"id":1794,"date":"2018-08-13T15:21:07","date_gmt":"2018-08-13T18:21:07","guid":{"rendered":"http:\/\/www.primeranota.cl\/web\/?p=1794"},"modified":"2018-08-13T15:21:07","modified_gmt":"2018-08-13T18:21:07","slug":"nueva-plaza-de-labranza","status":"publish","type":"post","link":"http:\/\/www.primeranota.cl\/web\/region\/nueva-plaza-de-labranza\/","title":{"rendered":"Nueva plaza de Labranza"},"content":{"rendered":"<p><strong>La obra contempla una superficie aproximada de 10.918m2 y considera una ejecuci\u00f3n de paisajismo, iluminaci\u00f3n, evacuaci\u00f3n de aguas lluvias, sistema de riego y pozo de captaci\u00f3n de agua, mobiliarios urbanos, diferentes tipos de pavimentos, siendo predominante el hormig\u00f3n.<\/strong><\/p>\n<p>El Seremi de Vivienda y Urbanismo, Pablo Artigas, relev\u00f3 que sin duda esta obra es algo anhelado por muchos a\u00f1os, por todos quienes viven en Labranza, logrando cambiarle la cara a este sector de Temuco, ofreciendo adem\u00e1s un lugar donde poder realizar distintas actividades, pero principalmente como lo ha pedido el Presidente Pi\u00f1era, logrando integrar las familias, convirti\u00e9ndose por cierto en un punto de encuentro, tanto para los ni\u00f1os, j\u00f3venes, adultos, y adultos mayores, entreg\u00e1ndoles finalmente una mejor calidad de vida a todos ellos. Puntualiz\u00f3<\/p>\n<p>En tanto el Alcalde de la comuna, Miguel Becker, junto con agradecer la inversi\u00f3n al Ministerio de Vivienda, y la compa\u00f1\u00eda de vecinos y dirigentes en esta visita, destac\u00f3 que \u201cesto es muy importante y valorado por la ciudadan\u00eda de esta localidad, as\u00ed como tambi\u00e9n solicit\u00f3 que se pueda hacer todo lo posible para poder ya disponer del remozado espacio p\u00fablico para estas pr\u00f3ximas Fiestas Patrias, manifest\u00e1ndose por \u00faltimo, muy contento y agradecido como administraci\u00f3n con esta nueva obra\u201d.<\/p>\n<p>La nueva Plaza de Labranza, que debiera culminar sus obras a fines de este mes, para luego poder ser entregada a la comunidad, tiene una inversi\u00f3n superior a los 670 millones de pesos, considera dentro de las partidas variadas zonas de \u00e1reas verdes, como tambi\u00e9n en uno de sus costados estacionamientos para veh\u00edculos, \u00e1rea para juegos infantiles y ejercicio, como tambi\u00e9n una zona cubierta para actividades. Pero tambi\u00e9n, como todos recordar\u00e1n, al interior de ella existe la Sede del Club Deportivo de Labranza, la cual no est\u00e1 inserta dentro del mejoramiento, pero s\u00ed el Municipio de Temuco ha adquirido el compromiso de efectuarle un mejoramiento a toda su fachada exterior.<\/p>\n","protected":false},"excerpt":{"rendered":"<p>La obra contempla una superficie aproximada de 10.918m2 y considera una ejecuci\u00f3n de paisajismo, iluminaci\u00f3n, evacuaci\u00f3n de aguas lluvias, sistema de riego y pozo de&#8230;<\/p>\n","protected":false},"author":2,"featured_media":1795,"comment_status":"closed","ping_status":"open","sticky":false,"template":"","format":"standard","meta":{"footnotes":""},"categories":[3],"tags":[],"_links":{"self":[{"href":"http:\/\/www.primeranota.cl\/web\/wp-json\/wp\/v2\/posts\/1794"}],"collection":[{"href":"http:\/\/www.primeranota.cl\/web\/wp-json\/wp\/v2\/posts"}],"about":[{"href":"http:\/\/www.primeranota.cl\/web\/wp-json\/wp\/v2\/types\/post"}],"author":[{"embeddable":true,"href":"http:\/\/www.primeranota.cl\/web\/wp-json\/wp\/v2\/users\/2"}],"replies":[{"embeddable":true,"href":"http:\/\/www.primeranota.cl\/web\/wp-json\/wp\/v2\/comments?post=1794"}],"version-history":[{"count":1,"href":"http:\/\/www.primeranota.cl\/web\/wp-json\/wp\/v2\/posts\/1794\/revisions"}],"predecessor-version":[{"id":1796,"href":"http:\/\/www.primeranota.cl\/web\/wp-json\/wp\/v2\/posts\/1794\/revisions\/1796"}],"wp:featuredmedia":[{"embeddable":true,"href":"http:\/\/www.primeranota.cl\/web\/wp-json\/wp\/v2\/media\/1795"}],"wp:attachment":[{"href":"http:\/\/www.primeranota.cl\/web\/wp-json\/wp\/v2\/media?parent=1794"}],"wp:term":[{"taxonomy":"category","embeddable":true,"href":"http:\/\/www.primeranota.cl\/web\/wp-json\/wp\/v2\/categories?post=1794"},{"taxonomy":"post_tag","embeddable":true,"href":"http:\/\/www.primeranota.cl\/web\/wp-json\/wp\/v2\/tags?post=1794"}],"curies":[{"name":"wp","href":"https:\/\/api.w.org\/{rel}","templated":true}]}}