{"id":18022,"date":"2021-05-07T08:44:35","date_gmt":"2021-05-07T12:44:35","guid":{"rendered":"http:\/\/www.primeranota.cl\/web\/?p=18022"},"modified":"2021-05-10T18:03:45","modified_gmt":"2021-05-10T22:03:45","slug":"john-paul-ferrada-candidato-a-concejal-por-temuco-soy-dc-y-estoy-con-neira-y-tuma","status":"publish","type":"post","link":"http:\/\/www.primeranota.cl\/web\/region\/john-paul-ferrada-candidato-a-concejal-por-temuco-soy-dc-y-estoy-con-neira-y-tuma\/","title":{"rendered":"John Paul Ferrada candidato a concejal por Temuco: \u201cSoy DC y estoy con Neira y Tuma\u201d"},"content":{"rendered":"<p>Nacido en Temuco, creci\u00f3 jugando en los barrios, su origen, la poblaci\u00f3n La Rivera del Sector de Santa Rosa, orgulloso hijo de una matrimonio con un padre obrero y su madre modista, comenz\u00f3 a trabajar a los 14 a\u00f1os en la feria de los camiones descargando fruta, de muy joven nace su inter\u00e9s por la pol\u00edtica y a los 18 a\u00f1os inicia su militancia en la Democracia Cristiana, actualmente es dirigente nacional del sindicato de trabajadores N\u00b01 de Aguas Araucan\u00eda.<\/p>\n<p>John Paul Ferrada, ha desarrollado su vida siempre vinculada el deporte amateur, fue ficha de clubes deportivos como Pe\u00f1arol de Pueblo Nuevo, Santos de Pueblo Nuevo, Campos Deportivo, San Lorenzo de la liga de los viejos tercios y actualmente juega en Centenario de Villa Caut\u00edn, adem\u00e1s de la pr\u00e1ctica de kung Fu, Taekwondo y otros deportes de contacto casi 15 a\u00f1os.<\/p>\n<p>Como candidato a concejal su principal motivaci\u00f3n, dice es, <strong><em>\u201cRe instaurar la relaci\u00f3n de los concejales con la comunidad, no puede ser que solo cumplan con la funci\u00f3n que estrictamente dicta la norma y asistir a X cantidad de sesiones al mes, deben mantener una vinculaci\u00f3n activa con la gente, escucharla, atenderla, ser actores pol\u00edticos entre la ciudadan\u00eda y la acci\u00f3n de la municipalidad\u201d<\/em><\/strong><\/p>\n<p><strong><em>\u201cM\u00e1s de la mitad de mi vida en el trabajo sindical en Essar\u2026\u201d<\/em><\/strong><\/p>\n<p><em>Ten\u00eda 24 a\u00f1os cuando entre a trabajar en el \u00e1rea administrativa de Essar, actualmente Aguas Araucan\u00eda, ya llevo 26 a\u00f1os en ella\u00a0 o sea m\u00e1s de la mitad de mi vida, ingrese al sindicato en el a\u00f1o 99 y asum\u00ed la secretaria del sindicato de trabajadores y desde el a\u00f1o 2001 a la fecha cuento con la confianza de los asociados para ejercer la presidencia a nivel regional. De los momentos m\u00e1s duros, pero tambi\u00e9n fruct\u00edferos de mi experiencia dirigencial, fue la movilizaci\u00f3n para oponernos a la\u00a0 privatizaci\u00f3n de la empresa, hicimos esfuerzos importantes porque la empresa siguiera siendo del Estado, fue duro y complejo y si bien no tuvo efectos para nuestra regi\u00f3n, esa movilizaci\u00f3n sirvi\u00f3 de base para que se protegiera a los trabajadores de las sanitarias que a\u00fan no hab\u00edan sido vendidas, fue despu\u00e9s de esa proceso que fui elegido como dirigente en la mesa nacional, de la que soy vicepresidente desde el a\u00f1o 2002.<\/em><\/p>\n<p><strong><em>La pol\u00edtica y la DC desde la juventud<\/em><\/strong><\/p>\n<p><em>Soy militante desde mi juventud de la Democracia Cristiana, uno de mis orgullos de juventud fue participar activamente en la creaci\u00f3n del \u201cESNO\u201d, agrupaci\u00f3n de secundarios por el NO y posteriormente recibir la bandera chilena en Loncoche y entregarla en Los \u00c1ngeles, despu\u00e9s de haber recorrido la regi\u00f3n a pie, en la que fue conocida como la marcha de La Alegr\u00eda, \u00a0y pasados los a\u00f1os me postulo con base pol\u00edtica y dirigencial, como candidato a concejal. Mi apoyo es absoluto a la campa\u00f1a de Reberto Neira como Alcalde para Temuco y a Eugenio Tuma como Gobernador, estamos trabajando juntos y apoyando para poder producir un cambio en Temuco, creo que Roberto Neira va a dar una nueva direcci\u00f3n al camino que ha tomado el desigual desarrollo, llevamos 12 a\u00f1os en una dictadura municipal, una dictadura que no fue capaz de prever que el vertedero de Boyeco iba a colapsar y lo iban a tener que cerrar, hoy la consecuencia nefasta de esa administraci\u00f3n ineficiente, es que el mayor gasto del ingreso municipal de debe destinar al traslado de basura a otra regi\u00f3n del pa\u00eds, con todo lo que eso significa.<\/em><\/p>\n<p><strong><em>El clasismo, la prepotencia y la segregaci\u00f3n deben terminar\u2026<\/em><\/strong><\/p>\n<p><em>Durante el desarrollo de \u00a0la copa Am\u00e9rica en Temuco tuve la oportunidad de trabajar con la ANFP como voluntario, a ra\u00edz de esa oportunidad, me reun\u00ed muchas veces con el entonces alcalde Becker y era la caricatura perfecta de un patr\u00f3n de fundo, \u00e9l y su sequito de funcionarios, los que ten\u00edan constantemente una actitud prepotente, clasistas y de desprecio. El logro del que se jacta fue el avance en infraestructura deportiva, las canchas sint\u00e9ticas que se construyeron en la ciudad, pero ese logro fue gracias al aporte del Gobierno Regional y los ingresos que genera el Casino, no fue una inversi\u00f3n municipal. Estos 12 a\u00f1os fueron un periodo triste para Temuco.<\/em><\/p>\n<p><strong><em>\u201cQuiero ser un concejal que represente, un actor pol\u00edtico entre la comunidad y las decisiones de la administraci\u00f3n municipal\u2026\u201d <\/em><\/strong><\/p>\n<p><em>Mi expectativa es producir un cambio en relaci\u00f3n a la transparencia en la fiscalizaci\u00f3n, no olvidemos que hasta hoy existe una situaci\u00f3n judicial que involucro a funcionarios municipales en el recambio de luminarias, por lo mismo es muy importante establecer un control estricto cuando se trata de los recursos de todos, pero para m\u00ed, \u00a0existe un segundo elemento importante y es volver a conectar al concejo con la gente, yo recuerdo en otras \u00e9pocas que las personas iban a conversar con los concejales, ellos atend\u00edan las solicitudes de los vecinos, era com\u00fan ver a concejales como Jorge Saquel, recuerdo al Doctor Arturo Pinto, atendiendo durante todas las tardes, la se\u00f1ora Genoveva Sep\u00falveda, que si bien es de otro sector pol\u00edtico, hacia lo mismo, exist\u00eda una preocupaci\u00f3n por ser un representante de la comunidad en el concejo y a la vez un actor social entre la municipalidad y la comunidad y eso ya no existe, hoy se cumple con la funci\u00f3n por ley, asistir a las reuniones, pero nada m\u00e1s y la gente quiere que los escuchen, es importante escuchar y buscar soluciones, no es lo mismo que dejar una carta en un casillero asignado a un concejal, que la instancia de conversaci\u00f3n, un concejal es un actor pol\u00edtico que debe estar a disponible y esa es mi principal motivaci\u00f3n, rescatar el rol de mediador entre la gente las poblaciones, de los barrios y las decisiones municipales.<\/em><\/p>\n<p><strong><em>\u201cUn Temuco a la altura de una capital regional con dignidad en su desarrollo\u2026\u201d<\/em><\/strong><\/p>\n<p><em>Comparto en un 100%% lo que dice Roberto Neira respecto de que en Temuco existen dos realidades, el Temuco verde y el amarillo; verde en los sectores acomodados y amarillos y descuidados los sectores m\u00e1s perif\u00e9ricos, los que son postergados, esto es una locura, si son ellos los que m\u00e1s acompa\u00f1amiento requieren, es ah\u00ed donde la inversi\u00f3n y la mano de la municipalidad debe estar presente, es lamentable la segregaci\u00f3n que genero la administraci\u00f3n de Becker, Temuco hoy no es una ciudad que prospero para todos.<\/em><\/p>\n<p><em>La diferencia es tan brutal que existe mucha gente que no tiene acceso al agua potable, porque el plano regulador no lo permite, estoy hablando sectores como Los Ma\u00f1ios a un costado del portal San Francisco, donde viven 2.500 personas, que no tiene un recursos esencial, por ser considerados rurales, eso es mala administraci\u00f3n, es falta de visi\u00f3n, no hay un desarrollo sustentable, no se cumplieron las expectativas de dar condiciones m\u00ednimas, la cuidad avanzo y la gesti\u00f3n quedo chica y esa es una realidad innegable, otro ejemplo es que las aguas lluvias se est\u00e1n perdiendo, hoy est\u00e1n en ejecuci\u00f3n obras que van a descargar aguas lluvias en los r\u00edos y por ende al mar, en vez de ser devueltas a las fuentes acu\u00edferas que nutren la ciudad, esto es aberrante frente a una segu\u00eda inminente en 20 o 30 a\u00f1os m\u00e1s. Creo que un desarrollo sostenible es posible de la mano de Roberto Neira y espero poder sumarme a este nuevo periodo para Temuco.<\/em><\/p>\n<p>&nbsp;<\/p>\n","protected":false},"excerpt":{"rendered":"<p>Nacido en Temuco, creci\u00f3 jugando en los barrios, su origen, la poblaci\u00f3n La Rivera del Sector de Santa Rosa, orgulloso hijo de una matrimonio con&#8230;<\/p>\n","protected":false},"author":2,"featured_media":18023,"comment_status":"closed","ping_status":"open","sticky":false,"template":"","format":"standard","meta":{"footnotes":""},"categories":[255,3],"tags":[],"_links":{"self":[{"href":"http:\/\/www.primeranota.cl\/web\/wp-json\/wp\/v2\/posts\/18022"}],"collection":[{"href":"http:\/\/www.primeranota.cl\/web\/wp-json\/wp\/v2\/posts"}],"about":[{"href":"http:\/\/www.primeranota.cl\/web\/wp-json\/wp\/v2\/types\/post"}],"author":[{"embeddable":true,"href":"http:\/\/www.primeranota.cl\/web\/wp-json\/wp\/v2\/users\/2"}],"replies":[{"embeddable":true,"href":"http:\/\/www.primeranota.cl\/web\/wp-json\/wp\/v2\/comments?post=18022"}],"version-history":[{"count":2,"href":"http:\/\/www.primeranota.cl\/web\/wp-json\/wp\/v2\/posts\/18022\/revisions"}],"predecessor-version":[{"id":18025,"href":"http:\/\/www.primeranota.cl\/web\/wp-json\/wp\/v2\/posts\/18022\/revisions\/18025"}],"wp:featuredmedia":[{"embeddable":true,"href":"http:\/\/www.primeranota.cl\/web\/wp-json\/wp\/v2\/media\/18023"}],"wp:attachment":[{"href":"http:\/\/www.primeranota.cl\/web\/wp-json\/wp\/v2\/media?parent=18022"}],"wp:term":[{"taxonomy":"category","embeddable":true,"href":"http:\/\/www.primeranota.cl\/web\/wp-json\/wp\/v2\/categories?post=18022"},{"taxonomy":"post_tag","embeddable":true,"href":"http:\/\/www.primeranota.cl\/web\/wp-json\/wp\/v2\/tags?post=18022"}],"curies":[{"name":"wp","href":"https:\/\/api.w.org\/{rel}","templated":true}]}}