{"id":1803,"date":"2018-08-14T08:10:46","date_gmt":"2018-08-14T11:10:46","guid":{"rendered":"http:\/\/www.primeranota.cl\/web\/?p=1803"},"modified":"2018-08-14T08:51:01","modified_gmt":"2018-08-14T11:51:01","slug":"diputado-garcia-se-bebe-extender-prestaciones-a-pacientes-con-enfermedades-terminales","status":"publish","type":"post","link":"http:\/\/www.primeranota.cl\/web\/pais\/diputado-garcia-se-bebe-extender-prestaciones-a-pacientes-con-enfermedades-terminales\/","title":{"rendered":"Diputado Garc\u00eda: \u201cse debe extender prestaciones a pacientes con enfermedades terminales\u201d"},"content":{"rendered":"<p>\u201cPor unanimidad, la Sala de la C\u00e1mara de Diputados aprob\u00f3 la resoluci\u00f3n 242, que solicita al Presidente de le Rep\u00fablica disponer el env\u00edo de un proyecto que extienda las prestaciones garantizadas por la Ley 19.666 a los pacientes de c\u00e1ncer terminal, a quienes se encuentren en fase terminal de enfermedades neurol\u00f3gicas, demencias, insuficiencias cardiovasculares, broncopulmonares y nefropat\u00edas cr\u00f3nicas\u201d, agreg\u00f3 Garc\u00eda.<\/p>\n<p>\u201cEl documento llama a mejorar los problemas de atenci\u00f3n del gran n\u00famero de pacientes existentes, los cuales muchas veces solo acceden a las coberturas farmacol\u00f3gicas y no a la atenci\u00f3n de equipos multidisciplinarios adecuados, especialmente en aquellos casos en que se encuentran postrados. Al mismo tiempo, busca fomentar la docencia en cuidados paliativos como asignatura obligatoria en el pregrado; retomar la formaci\u00f3n en cuidados como especialidad y\/o subespecialidad; fomentar la investigaci\u00f3n en cuidados paliativos; y las alianzas entre centros p\u00fablicos y privados, nacionales y extranjeros\u201d, puntualiz\u00f3 el diputado Garc\u00eda, al finalizar.<\/p>\n","protected":false},"excerpt":{"rendered":"<p>\u201cPor unanimidad, la Sala de la C\u00e1mara de Diputados aprob\u00f3 la resoluci\u00f3n 242, que solicita al Presidente de le Rep\u00fablica disponer el env\u00edo de un&#8230;<\/p>\n","protected":false},"author":2,"featured_media":1689,"comment_status":"closed","ping_status":"open","sticky":false,"template":"","format":"standard","meta":{"footnotes":""},"categories":[4,267],"tags":[],"_links":{"self":[{"href":"http:\/\/www.primeranota.cl\/web\/wp-json\/wp\/v2\/posts\/1803"}],"collection":[{"href":"http:\/\/www.primeranota.cl\/web\/wp-json\/wp\/v2\/posts"}],"about":[{"href":"http:\/\/www.primeranota.cl\/web\/wp-json\/wp\/v2\/types\/post"}],"author":[{"embeddable":true,"href":"http:\/\/www.primeranota.cl\/web\/wp-json\/wp\/v2\/users\/2"}],"replies":[{"embeddable":true,"href":"http:\/\/www.primeranota.cl\/web\/wp-json\/wp\/v2\/comments?post=1803"}],"version-history":[{"count":2,"href":"http:\/\/www.primeranota.cl\/web\/wp-json\/wp\/v2\/posts\/1803\/revisions"}],"predecessor-version":[{"id":1811,"href":"http:\/\/www.primeranota.cl\/web\/wp-json\/wp\/v2\/posts\/1803\/revisions\/1811"}],"wp:featuredmedia":[{"embeddable":true,"href":"http:\/\/www.primeranota.cl\/web\/wp-json\/wp\/v2\/media\/1689"}],"wp:attachment":[{"href":"http:\/\/www.primeranota.cl\/web\/wp-json\/wp\/v2\/media?parent=1803"}],"wp:term":[{"taxonomy":"category","embeddable":true,"href":"http:\/\/www.primeranota.cl\/web\/wp-json\/wp\/v2\/categories?post=1803"},{"taxonomy":"post_tag","embeddable":true,"href":"http:\/\/www.primeranota.cl\/web\/wp-json\/wp\/v2\/tags?post=1803"}],"curies":[{"name":"wp","href":"https:\/\/api.w.org\/{rel}","templated":true}]}}