{"id":18047,"date":"2021-05-10T18:00:52","date_gmt":"2021-05-10T22:00:52","guid":{"rendered":"http:\/\/www.primeranota.cl\/web\/?p=18047"},"modified":"2021-05-12T09:05:03","modified_gmt":"2021-05-12T13:05:03","slug":"mary-valdebenito-candidata-concejal-por-freire-soy-la-prueba-de-que-es-posible-superar-los-obstaculos-cuando-las-politicas-publicas-llegan-a-quienes-las-necesitan","status":"publish","type":"post","link":"http:\/\/www.primeranota.cl\/web\/region\/mary-valdebenito-candidata-concejal-por-freire-soy-la-prueba-de-que-es-posible-superar-los-obstaculos-cuando-las-politicas-publicas-llegan-a-quienes-las-necesitan\/","title":{"rendered":"Mary Valdebenito candidata concejal por Freire :\u201dSoy la prueba de que es posible superar los obst\u00e1culos cuando las pol\u00edticas p\u00fablicas llegan a quienes las necesitan\u201d"},"content":{"rendered":"<p><em>Mary Valdebenito es una mujer acostumbrada al esfuerzo y al trabajo, orgullosamente es la primera profesional universitaria de su familia, casada y madre de dos hijos, el servicio p\u00fablico y compromiso social son para ella una forma de vida, militante de la Democracia Cristiana, esta constructor civil de profesi\u00f3n ha decidido postularse como candidata a concejal por Freire, motivada principalmente por la frustraci\u00f3n que le provoca la inercia y falta de compromiso de las autoridades locales, especialmente con las comunidades ind\u00edgenas sumado al estancamiento de la comuna en general.<\/em><\/p>\n<p><em>\u201c<strong>No me puedo quedar sin hacer algo frente a lo que d\u00eda a d\u00eda y ya por varios a\u00f1os los dirigentes sociales me plantean, no es aceptable que en una comuna con el nivel de pobreza como Freire, los recursos p\u00fablicos se destinen a sueldos millonarios del alcalde y sus cercanos, mientras no se cumplen los compromisos con la gente que m\u00e1s necesita\u201d<\/strong>, se\u00f1ala categ\u00f3ricamente.<\/em><\/p>\n<p><strong><em>&#8220;Toda mi vida\u00a0 ha estado vinculada de Freire\u2026&#8221;<\/em><\/strong><\/p>\n<p><em>Desde mi infancia he estado estrechamente vinculada a Freire, mi madre era due\u00f1a de casa y mi padre era obrero rural, por lo mismo recorr\u00edamos diferentes sectores, \u00e9l trabajaba como inquilino, yo viv\u00ed en el sector rural de Quepe en Rucahue y era alumna en la escuela Dollinco G-581, gran parte de mi familia es de Lolen Bajo, de comunidades ind\u00edgenas del territorio y m\u00e1s tarde dada mi \u00a0vida profesional, la que desarrolle principalmente en el Ministerio de Obras P\u00fablicas, donde trabaje por m\u00e1s de 11 a\u00f1os, siempre vinculada a concretar las pol\u00edticas p\u00fablicas en los sectores m\u00e1s vulnerables, fui inspector fiscal y finalmente asum\u00ed el cargo de Directora de Aeropuerto, entonces, vuelvo a estrechar mi relaci\u00f3n con Freire y me relaciono directamente con las comunidades que son parte del \u00e1rea de influencia del aeropuerto, fueron 45 comunidades con las que me relacione, con las que se opon\u00edan a la construcci\u00f3n del aeropuerto y con las que ten\u00edan una postura m\u00e1s dialogante, pero quiero dejar muy claro que ninguna comunidad quer\u00eda que se instalara el aeropuerto en el territorio.<\/em><\/p>\n<p><strong><em>&#8220;Me presento a esta elecci\u00f3n para aportar con mi profesionalismo y experiencia a un desarrollo real y responsable de la comuna y su gente\u2026.&#8221;<\/em><\/strong><\/p>\n<p><em>Mi motivaci\u00f3n nace, ya que a ra\u00edz de mi trabajo como encargada regional de aeropuertos, me relaciono estrechamente con las comunidades, generamos un v\u00ednculo\u00a0 muy fuerte y logramos ver que gracias a las pol\u00edticas p\u00fablicas podr\u00edamos contribuir en los sectores m\u00e1s vulnerables, pero despu\u00e9s del 2018, todo lo que hab\u00edamos construido y los acuerdos que se hab\u00edan asumido fueron dejados de lado por las actuales autoridades, simplemente dejaron de ejecutarse y eso estuvo muy mal, lo que m\u00e1s necesitamos es que el Estado mantenga su presencia en los sectores con mayores necesidades, esto fue lo que me motivo, no puedo quedar indiferente cuando veo que las comunidades quedaron abandonadas. Mi relaci\u00f3n con los dirigentes se mantuvo y ellos recurr\u00edan a m\u00ed para buscar soluciones, desde fuera del gobierno contin\u00fae trabajando con ellos, el 2018 asum\u00ed que el nuevo gobierno ten\u00eda que instalarse pero ya el 2019, viendo que no se cumpl\u00edan los compromisos comenc\u00e9 a trabajar para presionar a las autoridades, nos reunimos con el entonces intendente Attom y no tuvimos ni apoyo, ni resultados y hoy es el Senador Huenchumilla quien est\u00e1 respaldando y presionando para que los acuerdos que se firmaron en el a\u00f1o 2017 este gobierno los cumpla.<\/em><\/p>\n<p><strong><em>&#8220;Freire est\u00e1 estancado\u2026&#8221;<\/em><\/strong><\/p>\n<p><em>Veo a Freire como una comuna empobrecida, que no ha crecido, que quedo en el pasado, est\u00e1 igual que hace 15 o 20 a\u00f1os, si comparas la misma poblaci\u00f3n los mismos indicadores con otras comunas, otros han mejorados, pero ac\u00e1 no y eso est\u00e1 a simple vista. Esta es una comuna que tiene muchas ventajas, est\u00e1 a un costado de la carretera, tiene el peaje que puede ser una debilidad pero debemos sacar un mejor provecho, tenemos el aeropuerto, es decir tiene insumos para reactivar la econom\u00eda local y no se logra, teniendo las fortalezas.<\/em><\/p>\n<p><strong><em>&#8220;En Freire existe abuso por parte de las autoridades&#8221;<\/em><\/strong><\/p>\n<p><em>En Freire existe un tremendo abuso, todos aportamos al presupuesto comunal y el alcalde en el mes de diciembre se paga un sueldo de 8 millones de pesos, para hacer una relaci\u00f3n, un diputado gana alrededor de 6 millones, los alcaldes de Santiago ganan 5 millones. En una comuna peque\u00f1a con tantas necesidades el alcalde no puede tener ese sueldo, es impresentable, por otra parte funcionarios con cargos directivos que ganan sobre 4 millones de pesos, solo por conceptos de horas extras adicionales pueden ganar hasta un mill\u00f3n de pesos m\u00e1s, eso es injustificable, \u00bf C\u00f3mo una persona va a ganar eso?, eso es un sobre sueldo, adem\u00e1s un abuso del sistema porque por ley las horas extras se deben compensar en tiempo, adem\u00e1s con esa cantidad de recursos la municipalidad deber\u00eda contratar a m\u00e1s personas si el volumen de trabajo los obliga hacer tantas horas extras, y lamentablemente todo esto es aprobado por los concejales, esto es impresentable, se est\u00e1 abusando del dinero de los contribuyentes o sea de todos nosotros<\/em><\/p>\n<p><em>Se debe trabajar con todos desde el municipio porque los recursos son de todos los contribuyentes, todos los vecinos, no se pueden hacer diferencias de ning\u00fan tipo, hoy el gasto municipal y las gestiones del alcalde, de la municipalidad y tambi\u00e9n de los concejales deja mucho que desear, si el estado debe ser eficiente y eficaz en t\u00e9rminos de control y ejecuci\u00f3n esto en la municipalidad no se cumple.<\/em><\/p>\n<p><strong><em>&#8220;Cuando quienes necesitan reciben apoyos se puede salir de la pobreza y progresar y yo soy un ejemplo de esto&#8221;<\/em><\/strong><\/p>\n<p><em>Soy una convencida de que es posible progresar si las cosas se hacen bien, la responsabilidad de ser autoridad es enorme porque tiene que ver con que posibilites el avance de muchos otros, tal como es mi caso, para m\u00ed que conozco las necesidades, porque mi pap\u00e1 trabajaba pr\u00e1cticamente por comida, con una vida n\u00f3made, se me dieron las posibilidades de educarme y ser profesional y hacer lo que me gusta, ese camino hoy es m\u00e1s f\u00e1cil, gracias a las luchas que se han dado hoy existen pol\u00edticas p\u00fablicas como alimentaci\u00f3n en los colegios, educaci\u00f3n superior gratuita, beneficios estatales y nuestro compromiso debe ser velar porque esos beneficios lleguen en forma correcta a quienes m\u00e1s necesitan y se abran los caminos para que los ni\u00f1os, los j\u00f3venes, las personas y la comunidad avance y eso en Freire no est\u00e1 ocurriendo. Los recursos del Estado al que todos aportamos con nuestro impuestos, son para programas sociales y no para pagar sueldos millonarios a los cercanos a la autoridad de turno.<\/em><\/p>\n","protected":false},"excerpt":{"rendered":"<p>Mary Valdebenito es una mujer acostumbrada al esfuerzo y al trabajo, orgullosamente es la primera profesional universitaria de su familia, casada y madre de dos&#8230;<\/p>\n","protected":false},"author":2,"featured_media":18048,"comment_status":"closed","ping_status":"open","sticky":false,"template":"","format":"standard","meta":{"footnotes":""},"categories":[255,3],"tags":[],"_links":{"self":[{"href":"http:\/\/www.primeranota.cl\/web\/wp-json\/wp\/v2\/posts\/18047"}],"collection":[{"href":"http:\/\/www.primeranota.cl\/web\/wp-json\/wp\/v2\/posts"}],"about":[{"href":"http:\/\/www.primeranota.cl\/web\/wp-json\/wp\/v2\/types\/post"}],"author":[{"embeddable":true,"href":"http:\/\/www.primeranota.cl\/web\/wp-json\/wp\/v2\/users\/2"}],"replies":[{"embeddable":true,"href":"http:\/\/www.primeranota.cl\/web\/wp-json\/wp\/v2\/comments?post=18047"}],"version-history":[{"count":1,"href":"http:\/\/www.primeranota.cl\/web\/wp-json\/wp\/v2\/posts\/18047\/revisions"}],"predecessor-version":[{"id":18049,"href":"http:\/\/www.primeranota.cl\/web\/wp-json\/wp\/v2\/posts\/18047\/revisions\/18049"}],"wp:featuredmedia":[{"embeddable":true,"href":"http:\/\/www.primeranota.cl\/web\/wp-json\/wp\/v2\/media\/18048"}],"wp:attachment":[{"href":"http:\/\/www.primeranota.cl\/web\/wp-json\/wp\/v2\/media?parent=18047"}],"wp:term":[{"taxonomy":"category","embeddable":true,"href":"http:\/\/www.primeranota.cl\/web\/wp-json\/wp\/v2\/categories?post=18047"},{"taxonomy":"post_tag","embeddable":true,"href":"http:\/\/www.primeranota.cl\/web\/wp-json\/wp\/v2\/tags?post=18047"}],"curies":[{"name":"wp","href":"https:\/\/api.w.org\/{rel}","templated":true}]}}