{"id":18058,"date":"2021-05-11T14:47:03","date_gmt":"2021-05-11T18:47:03","guid":{"rendered":"http:\/\/www.primeranota.cl\/web\/?p=18058"},"modified":"2021-05-11T14:47:03","modified_gmt":"2021-05-11T18:47:03","slug":"autoridades-regionales-convocan-al-voto-femenino-en-las-elecciones-de-este-fin-de-semana","status":"publish","type":"post","link":"http:\/\/www.primeranota.cl\/web\/region\/autoridades-regionales-convocan-al-voto-femenino-en-las-elecciones-de-este-fin-de-semana\/","title":{"rendered":"Autoridades regionales convocan al voto femenino en las elecciones de este fin de semana"},"content":{"rendered":"<p style=\"font-weight: 400\">Con el fin de incentivar el voto femenino, en las pr\u00f3ximas elecciones del 15 y 16 de mayo, las seremis de Gobierno y de la Mujer, P\u00eda Bersezio y Carolina Lagos llamaron a las mujeres de la regi\u00f3n de La Araucan\u00eda a participar de esta hist\u00f3rica elecci\u00f3n donde se elegir\u00e1 por primera vez a constituyentes y gobernadores. Ambas autoridades destacaron el compromiso c\u00edvico que han demostrado las mujeres especialmente lo ocurrido en el plebiscito de octubre pasado donde el 53% de las votantes fueron de este g\u00e9nero.<\/p>\n<p style=\"font-weight: 400\">\u201cQueremos que este 15 y 16 de mayo, tengamos una votaci\u00f3n ejemplar en cuanto al voto femenino, especialmente aqu\u00ed en nuestra regi\u00f3n de La Araucan\u00eda, no solamente con participaci\u00f3n femenina en la votaci\u00f3n sino tambi\u00e9n en la participaci\u00f3n pol\u00edtica, con m\u00e1s mujeres en cargos de representaci\u00f3n popular. Hoy tenemos una responsabilidad hist\u00f3rica, de elegir constituyentes y gobernadores regionales por primera vez en nuestra historia. Esta ser\u00e1 la elecci\u00f3n m\u00e1s importante que va a marcar los pr\u00f3ximos 40 a\u00f1os de nuestro pa\u00eds\u201d. Se\u00f1al\u00f3 la vocera de Gobierno, P\u00eda Bersezio.<\/p>\n<p style=\"font-weight: 400\">La autoridad agreg\u00f3 que \u201ces muy importante recalcar que en todos los centros de votaci\u00f3n van a estar dispuestas todas las medidas sanitarias tanto para nuestras adultas mayores, como las mujeres embarazadas que quieran acudir. Que este 15 y 16 de mayo sea un ejemplo, y que todas las mujeres asistan a votar\u201d.<\/p>\n<p style=\"font-weight: 400\">Por su parte Carolina Lagos, seremi de la Mujer y la Equidad de G\u00e9nero espera que se repita un panorama similar a lo ocurrido en el Plebiscito del 2020 donde \u201cel 53% fueron mujeres y esta no tiene que ser la excepci\u00f3n. Invitamos a todas las mujeres a ser parte de este proceso electivo ya que por primera vez vamos a elegir constituyentes y gobernadores, no solamente alcaldes y concejales. Es por esto que invito a todas las mujeres a ser parte de esto, que no elijan por ti y que vayas este fin de semana a votar en estas elecciones\u201d.<\/p>\n<p style=\"font-weight: 400\">Cabe destacar que las cifras en procesos eleccionarios en Chile reflejan una mayor participaci\u00f3n por parte de las mujeres, como lo ocurrido para\u00a0el Plebiscito Nacional 2020 donde el voto femenino fue de 3.977.810. Es decir, un 53% de los votos fueron emitidos por mujeres.\u00a0La participaci\u00f3n fue superior a los varones en todos los rangos de edades, especialmente entre los 40 y 60 a\u00f1os.<\/p>\n<p style=\"font-weight: 400\">Finalmente y en la misma l\u00ednea, las autoridades recordaron que durante los d\u00edas de elecci\u00f3n, los horarios de las mesas receptoras de sufragios funcionar\u00e1n de 08.00 a las 18.00 horas, donde los ciudadanos podr\u00e1n votar sin importar si viven en comunas en fase 1 o 2. Durante ambos d\u00edas todo lo que se requerir\u00e1 para los traslados ser\u00e1 la c\u00e9dula de identidad.<\/p>\n","protected":false},"excerpt":{"rendered":"<p>Con el fin de incentivar el voto femenino, en las pr\u00f3ximas elecciones del 15 y 16 de mayo, las seremis de Gobierno y de la&#8230;<\/p>\n","protected":false},"author":7,"featured_media":18059,"comment_status":"closed","ping_status":"open","sticky":false,"template":"","format":"standard","meta":{"footnotes":""},"categories":[267,3],"tags":[],"_links":{"self":[{"href":"http:\/\/www.primeranota.cl\/web\/wp-json\/wp\/v2\/posts\/18058"}],"collection":[{"href":"http:\/\/www.primeranota.cl\/web\/wp-json\/wp\/v2\/posts"}],"about":[{"href":"http:\/\/www.primeranota.cl\/web\/wp-json\/wp\/v2\/types\/post"}],"author":[{"embeddable":true,"href":"http:\/\/www.primeranota.cl\/web\/wp-json\/wp\/v2\/users\/7"}],"replies":[{"embeddable":true,"href":"http:\/\/www.primeranota.cl\/web\/wp-json\/wp\/v2\/comments?post=18058"}],"version-history":[{"count":1,"href":"http:\/\/www.primeranota.cl\/web\/wp-json\/wp\/v2\/posts\/18058\/revisions"}],"predecessor-version":[{"id":18060,"href":"http:\/\/www.primeranota.cl\/web\/wp-json\/wp\/v2\/posts\/18058\/revisions\/18060"}],"wp:featuredmedia":[{"embeddable":true,"href":"http:\/\/www.primeranota.cl\/web\/wp-json\/wp\/v2\/media\/18059"}],"wp:attachment":[{"href":"http:\/\/www.primeranota.cl\/web\/wp-json\/wp\/v2\/media?parent=18058"}],"wp:term":[{"taxonomy":"category","embeddable":true,"href":"http:\/\/www.primeranota.cl\/web\/wp-json\/wp\/v2\/categories?post=18058"},{"taxonomy":"post_tag","embeddable":true,"href":"http:\/\/www.primeranota.cl\/web\/wp-json\/wp\/v2\/tags?post=18058"}],"curies":[{"name":"wp","href":"https:\/\/api.w.org\/{rel}","templated":true}]}}