{"id":18297,"date":"2021-06-08T22:32:07","date_gmt":"2021-06-09T02:32:07","guid":{"rendered":"http:\/\/www.primeranota.cl\/web\/?p=18297"},"modified":"2021-06-08T22:33:38","modified_gmt":"2021-06-09T02:33:38","slug":"chahuan-llama-a-unir-chile-vamos-y-ex-concertacion-para-evitar-tsunami-rojo-de-extrema-izquierda","status":"publish","type":"post","link":"http:\/\/www.primeranota.cl\/web\/pais\/chahuan-llama-a-unir-chile-vamos-y-ex-concertacion-para-evitar-tsunami-rojo-de-extrema-izquierda\/","title":{"rendered":"Chahu\u00e1n llama a unir Chile Vamos y ex Concertaci\u00f3n para &#8220;evitar tsunami rojo de extrema izquierda&#8221;"},"content":{"rendered":"<p>El senador Francisco Chahu\u00e1n (RN) pidi\u00f3 que Chile Vamos y la ex Concertaci\u00f3n se unan para &#8220;evitar el tsunami rojo de extrema izquierda&#8221; a ra\u00edz de la segunda vuelta de gobernadores regionales y la discusi\u00f3n que iniciar\u00e1 en la Convenci\u00f3n Constitucional.<\/p>\n<p>Al respecto, el parlamentario oficialista plante\u00f3 &#8220;el resurgimiento de la Confederaci\u00f3n Democr\u00e1tica&#8221; de cara a las elecciones de este domingo.<\/p>\n<p>&#8220;Esta es la misma confederaci\u00f3n que se levant\u00f3 a principio de los &#8217;70 para enfrentar a la Unidad Popular&#8221;, sostuvo.<\/p>\n<p>En esa l\u00ednea, indic\u00f3 que la denominada &#8220;Confederaci\u00f3n Democr\u00e1tica&#8221; busca aglomerar &#8220;a la gente de Chile Vamos y aquellos que no pertenezcan al conglomerado y aboguen por la libertad y democracia&#8221;.<\/p>\n<p>Chahu\u00e1n, adem\u00e1s, reconoci\u00f3 que &#8220;quiero que con la ex Concertaci\u00f3n seamos capaces de enfrentar unidos el proceso y evitar el tsunami rojo de extrema izquierda que yo ya advert\u00ed en abril&#8221;.<\/p>\n<p>De igual manera, coment\u00f3 que buscar\u00e1 retomar puentes de comunicaci\u00f3n con &#8220;los sectores moderados de lo que fue la Concertaci\u00f3n, para reconstruir el tercio en la Convenci\u00f3n (Constitucional)&#8221;.<\/p>\n<p>A su vez, dijo que donde haya elecciones de gobernadores donde compitan figuras de Chile Vamos o representantes de extrema izquierda, la ex Concertaci\u00f3n vote por nuestro candidato&#8221;.<\/p>\n<p>&#8220;Pero en lugares donde haya solo alguien de la ex Concertaci\u00f3n con alguien de la izquierda, llamo a votar por los primeros&#8221;, a\u00f1adi\u00f3.<\/p>\n","protected":false},"excerpt":{"rendered":"<p>El senador Francisco Chahu\u00e1n (RN) pidi\u00f3 que Chile Vamos y la ex Concertaci\u00f3n se unan para &#8220;evitar el tsunami rojo de extrema izquierda&#8221; a ra\u00edz&#8230;<\/p>\n","protected":false},"author":7,"featured_media":18299,"comment_status":"closed","ping_status":"open","sticky":false,"template":"","format":"standard","meta":{"footnotes":""},"categories":[4,267],"tags":[],"_links":{"self":[{"href":"http:\/\/www.primeranota.cl\/web\/wp-json\/wp\/v2\/posts\/18297"}],"collection":[{"href":"http:\/\/www.primeranota.cl\/web\/wp-json\/wp\/v2\/posts"}],"about":[{"href":"http:\/\/www.primeranota.cl\/web\/wp-json\/wp\/v2\/types\/post"}],"author":[{"embeddable":true,"href":"http:\/\/www.primeranota.cl\/web\/wp-json\/wp\/v2\/users\/7"}],"replies":[{"embeddable":true,"href":"http:\/\/www.primeranota.cl\/web\/wp-json\/wp\/v2\/comments?post=18297"}],"version-history":[{"count":1,"href":"http:\/\/www.primeranota.cl\/web\/wp-json\/wp\/v2\/posts\/18297\/revisions"}],"predecessor-version":[{"id":18298,"href":"http:\/\/www.primeranota.cl\/web\/wp-json\/wp\/v2\/posts\/18297\/revisions\/18298"}],"wp:featuredmedia":[{"embeddable":true,"href":"http:\/\/www.primeranota.cl\/web\/wp-json\/wp\/v2\/media\/18299"}],"wp:attachment":[{"href":"http:\/\/www.primeranota.cl\/web\/wp-json\/wp\/v2\/media?parent=18297"}],"wp:term":[{"taxonomy":"category","embeddable":true,"href":"http:\/\/www.primeranota.cl\/web\/wp-json\/wp\/v2\/categories?post=18297"},{"taxonomy":"post_tag","embeddable":true,"href":"http:\/\/www.primeranota.cl\/web\/wp-json\/wp\/v2\/tags?post=18297"}],"curies":[{"name":"wp","href":"https:\/\/api.w.org\/{rel}","templated":true}]}}