{"id":18319,"date":"2021-06-11T09:14:02","date_gmt":"2021-06-11T13:14:02","guid":{"rendered":"http:\/\/www.primeranota.cl\/web\/?p=18319"},"modified":"2021-06-11T09:14:02","modified_gmt":"2021-06-11T13:14:02","slug":"la-araucania-contara-con-mas-de-500-servicios-de-transporte-publico-gratuito-por-segunda-vuelta-para-eleccion-de-gobernador-regional","status":"publish","type":"post","link":"http:\/\/www.primeranota.cl\/web\/region\/la-araucania-contara-con-mas-de-500-servicios-de-transporte-publico-gratuito-por-segunda-vuelta-para-eleccion-de-gobernador-regional\/","title":{"rendered":"La Araucan\u00eda contar\u00e1 con m\u00e1s de 500 servicios de transporte p\u00fablico gratuito por segunda vuelta para elecci\u00f3n de gobernador regional"},"content":{"rendered":"<p>Referente a la operaci\u00f3n de servicios de transporte p\u00fablico gratuito por segunda vuelta de las elecciones para gobernadores regionales que se realizar\u00e1n este domingo 13 de junio, la Seremi de Transportes y Telecomunicaciones de La Araucan\u00eda, Claudina Uribe, inform\u00f3 que tal como en el reciente proceso eleccionario La Araucan\u00eda contar\u00e1 con servicios subsidiados y especiales gratuitos.<\/p>\n<p>\u201cEste domingo 13 de junio y al igual que en las recientes elecciones, La Araucan\u00eda contar\u00e1 en total con m\u00e1s de 500 servicios de transporte p\u00fablico gratuito. Recorridos subsidiados y especiales, que nos permitir\u00e1n continuar fomentando la participaci\u00f3n ciudadana y trasladar a quienes viven en zonas rurales y m\u00e1s aisladas de La Araucan\u00eda para que puedan emitir su voto\u201d.<\/p>\n<p>La Secretaria Regional Ministerial agreg\u00f3 que \u201crespecto a la informaci\u00f3n de cada uno de los servicios que operar\u00e1n gratuitamente este domingo en las distintas comunas, ya se encuentra disponible en la p\u00e1gina web del Ministerio de Transportes y Telecomunicaciones\u201d.<\/p>\n<p>Tal como explic\u00f3 la autoridad regional, con tan s\u00f3lo ingresar a la p\u00e1gina web <a href=\"http:\/\/www.mtt.gob.cl\">www.mtt.gob.cl<\/a> pueden obtener la informaci\u00f3n correspondiente de los servicios especiales y subsidiados gratuitos que estar\u00e1n disponibles para la segunda vuelta de elecci\u00f3n de gobernador regional de La Araucan\u00eda este domingo 13 de junio.<\/p>\n","protected":false},"excerpt":{"rendered":"<p>Referente a la operaci\u00f3n de servicios de transporte p\u00fablico gratuito por segunda vuelta de las elecciones para gobernadores regionales que se realizar\u00e1n este domingo 13&#8230;<\/p>\n","protected":false},"author":2,"featured_media":6671,"comment_status":"closed","ping_status":"open","sticky":false,"template":"","format":"standard","meta":{"footnotes":""},"categories":[267,3],"tags":[],"_links":{"self":[{"href":"http:\/\/www.primeranota.cl\/web\/wp-json\/wp\/v2\/posts\/18319"}],"collection":[{"href":"http:\/\/www.primeranota.cl\/web\/wp-json\/wp\/v2\/posts"}],"about":[{"href":"http:\/\/www.primeranota.cl\/web\/wp-json\/wp\/v2\/types\/post"}],"author":[{"embeddable":true,"href":"http:\/\/www.primeranota.cl\/web\/wp-json\/wp\/v2\/users\/2"}],"replies":[{"embeddable":true,"href":"http:\/\/www.primeranota.cl\/web\/wp-json\/wp\/v2\/comments?post=18319"}],"version-history":[{"count":1,"href":"http:\/\/www.primeranota.cl\/web\/wp-json\/wp\/v2\/posts\/18319\/revisions"}],"predecessor-version":[{"id":18320,"href":"http:\/\/www.primeranota.cl\/web\/wp-json\/wp\/v2\/posts\/18319\/revisions\/18320"}],"wp:featuredmedia":[{"embeddable":true,"href":"http:\/\/www.primeranota.cl\/web\/wp-json\/wp\/v2\/media\/6671"}],"wp:attachment":[{"href":"http:\/\/www.primeranota.cl\/web\/wp-json\/wp\/v2\/media?parent=18319"}],"wp:term":[{"taxonomy":"category","embeddable":true,"href":"http:\/\/www.primeranota.cl\/web\/wp-json\/wp\/v2\/categories?post=18319"},{"taxonomy":"post_tag","embeddable":true,"href":"http:\/\/www.primeranota.cl\/web\/wp-json\/wp\/v2\/tags?post=18319"}],"curies":[{"name":"wp","href":"https:\/\/api.w.org\/{rel}","templated":true}]}}