{"id":1849,"date":"2018-08-15T12:41:15","date_gmt":"2018-08-15T15:41:15","guid":{"rendered":"http:\/\/www.primeranota.cl\/web\/?p=1849"},"modified":"2018-08-15T12:41:15","modified_gmt":"2018-08-15T15:41:15","slug":"huenchumilla-destaca-aprobacion-de-aumento-de-penas-para-maximas-autoridades-del-estado-condenadas-por-cohecho-y-soborno","status":"publish","type":"post","link":"http:\/\/www.primeranota.cl\/web\/pais\/huenchumilla-destaca-aprobacion-de-aumento-de-penas-para-maximas-autoridades-del-estado-condenadas-por-cohecho-y-soborno\/","title":{"rendered":"Huenchumilla destaca aprobaci\u00f3n de aumento de penas para m\u00e1ximas autoridades del Estado condenadas por cohecho y soborno"},"content":{"rendered":"<p>Francisco Huenchumilla, se\u00f1al\u00f3 que pretenden despachar la iniciativa en las pr\u00f3ximas dos semanas, \u201clo que permitir\u00e1 antes del 18 de septiembre tener una ley respecto de un tema tan importante como es el aumento de penas para el cohecho, el soborno y otras figuras que impactan en la probidad p\u00fablica\u201d.<\/p>\n<p>\u201cEn la comisi\u00f3n mixta del Senado y de la C\u00e1mara de Diputados sobre cohecho, la comisi\u00f3n avanz\u00f3 notablemente en el despacho de este importante proyecto sobre probidad p\u00fablica y aprobamos una norma que es muy importante y fundamental, y que es establecer penas m\u00e1s elevadas para todas las m\u00e1s altas autoridades del Estado, partiendo por el Presidente de la Rep\u00fablica hacia abajo\u201d, agreg\u00f3 el representante de La Araucan\u00eda.<\/p>\n<p>Asimismo, el senador DC aclar\u00f3 que se termina con un aumento de penas para todos aquellos funcionarios p\u00fablicos que manejan fondos o recursos fiscales y que toman decisiones en el \u00e1mbito de las compras, adquisiciones y concesiones.<\/p>\n<p>\u201cEstamos sacando un proyecto de ley que responde a la exigencias que la ciudadan\u00eda nos ha pedido en esta materia\u201d, concluy\u00f3.<\/p>\n","protected":false},"excerpt":{"rendered":"<p>Francisco Huenchumilla, se\u00f1al\u00f3 que pretenden despachar la iniciativa en las pr\u00f3ximas dos semanas, \u201clo que permitir\u00e1 antes del 18 de septiembre tener una ley respecto&#8230;<\/p>\n","protected":false},"author":2,"featured_media":1073,"comment_status":"closed","ping_status":"open","sticky":false,"template":"","format":"standard","meta":{"footnotes":""},"categories":[4,267],"tags":[],"_links":{"self":[{"href":"http:\/\/www.primeranota.cl\/web\/wp-json\/wp\/v2\/posts\/1849"}],"collection":[{"href":"http:\/\/www.primeranota.cl\/web\/wp-json\/wp\/v2\/posts"}],"about":[{"href":"http:\/\/www.primeranota.cl\/web\/wp-json\/wp\/v2\/types\/post"}],"author":[{"embeddable":true,"href":"http:\/\/www.primeranota.cl\/web\/wp-json\/wp\/v2\/users\/2"}],"replies":[{"embeddable":true,"href":"http:\/\/www.primeranota.cl\/web\/wp-json\/wp\/v2\/comments?post=1849"}],"version-history":[{"count":1,"href":"http:\/\/www.primeranota.cl\/web\/wp-json\/wp\/v2\/posts\/1849\/revisions"}],"predecessor-version":[{"id":1850,"href":"http:\/\/www.primeranota.cl\/web\/wp-json\/wp\/v2\/posts\/1849\/revisions\/1850"}],"wp:featuredmedia":[{"embeddable":true,"href":"http:\/\/www.primeranota.cl\/web\/wp-json\/wp\/v2\/media\/1073"}],"wp:attachment":[{"href":"http:\/\/www.primeranota.cl\/web\/wp-json\/wp\/v2\/media?parent=1849"}],"wp:term":[{"taxonomy":"category","embeddable":true,"href":"http:\/\/www.primeranota.cl\/web\/wp-json\/wp\/v2\/categories?post=1849"},{"taxonomy":"post_tag","embeddable":true,"href":"http:\/\/www.primeranota.cl\/web\/wp-json\/wp\/v2\/tags?post=1849"}],"curies":[{"name":"wp","href":"https:\/\/api.w.org\/{rel}","templated":true}]}}