{"id":18777,"date":"2021-08-07T00:22:11","date_gmt":"2021-08-07T04:22:11","guid":{"rendered":"http:\/\/www.primeranota.cl\/web\/?p=18777"},"modified":"2021-08-07T00:22:11","modified_gmt":"2021-08-07T04:22:11","slug":"el-viaje-de-tomy-sera-la-propuesta-del-pabellon-araucania-para-disfrutar-en-familia-el-dia-del-nino","status":"publish","type":"post","link":"http:\/\/www.primeranota.cl\/web\/region\/el-viaje-de-tomy-sera-la-propuesta-del-pabellon-araucania-para-disfrutar-en-familia-el-dia-del-nino\/","title":{"rendered":"\u201cEl Viaje de Tomy\u201d ser\u00e1 la propuesta del Pabell\u00f3n Araucan\u00eda para disfrutar en familia el D\u00eda del Ni\u00f1o"},"content":{"rendered":"<p>Una novedosa propuesta infantil prepara el equipo realizador del Pabell\u00f3n Araucan\u00eda junto a Best Studio para este D\u00eda del Ni\u00f1o cuando<br \/>\nse estrene \u201cEl Viaje de Tomy\u201d, una serie de cap\u00edtulos que contar\u00e1n las aventuras de Fidel y Tom\u00e1s por diversos lugares de La<br \/>\nAraucan\u00eda y que iniciar\u00e1 este domingo 8 de agosto, desde las 12 horas, con \u201cLa Feria\u201d.<\/p>\n<p>Esteban Fuentes es parte del equipo de Best Studio y destac\u00f3 la intenci\u00f3n del Pabell\u00f3n Araucan\u00eda por abordar esta tem\u00e1tica y en un<br \/>\nformato bastante particular.<\/p>\n<p>\u201cComenzamos a subir contenido por redes de nuestros proyectos y el equipo realizador del hito arquitect\u00f3nico nos contact\u00f3 para abordar<br \/>\neste material infantil. Se generaron un par de reuniones y naci\u00f3 la co-producci\u00f3n entre ambas entidades, la que finalmente decant\u00f3 en una<br \/>\npropuesta que se ver\u00e1 este domingo por todas las plataformas del pabell\u00f3n\u201d, reconoci\u00f3 Fuentes.<\/p>\n<p>Ser\u00e1n 14 cap\u00edtulos, dos por mes, que presentar\u00e1n las divertidas historias de un t\u00edo documentalista (Fidel) y un sobrino (Tomy), amante<br \/>\nde los videojuegos y que tiene conflictos para relacionarse en un mundo tan individualista. Ambas historias se vincular\u00e1n para que, desde sus propios medios, puedan crecer desde diferentes \u00e1mbitos.<\/p>\n<p>\u201cNo solo le daremos valor a las historias, sino tambi\u00e9n a los lugares caracter\u00edsticos de La Araucan\u00eda. Fidel y Tomy generar\u00e1n contenidos,<br \/>\ndesde sus habilidades, para llegar a todos los p\u00fablicos. Daremos valor a la producci\u00f3n local\u201d, recalc\u00f3 el integrante de Best Studio.<\/p>\n<p>Pabell\u00f3n 2.0<\/p>\n<p>El Pabell\u00f3n Araucan\u00eda est\u00e1 preparando todos los protocolos para volver de forma definitiva. As\u00ed lo confirm\u00f3 el Gerente (I) de la<br \/>\nCorporaci\u00f3n de Desarrollo Araucan\u00eda, Ra\u00fal S\u00e1ez, quien en representaci\u00f3n de la entidad administradora entreg\u00f3 nuevas se\u00f1ales,<br \/>\nplazos y programaci\u00f3n para las siguientes semanas.<\/p>\n<p>\u201cEl p\u00fablico amante del Pabell\u00f3n Araucan\u00eda nos consulta a diario sobre la apertura y cada d\u00eda avanzamos m\u00e1s en esta necesidad. Nos<br \/>\nestamos preparando para que sea de manera programada, primero con la explanada y la cafeter\u00eda, espacios que ya est\u00e1n a disposici\u00f3n de la comunidad. La reapertura de la TiendaAraucan\u00eda.cl ser\u00e1 lo pr\u00f3ximo para finalizar con los recorridos guiados y los eventos presenciales. Confiamos en anunciar todo muy pronto\u201d, sentenci\u00f3.<\/p>\n","protected":false},"excerpt":{"rendered":"<p>Una novedosa propuesta infantil prepara el equipo realizador del Pabell\u00f3n Araucan\u00eda junto a Best Studio para este D\u00eda del Ni\u00f1o cuando se estrene \u201cEl Viaje&#8230;<\/p>\n","protected":false},"author":7,"featured_media":18778,"comment_status":"closed","ping_status":"open","sticky":false,"template":"","format":"standard","meta":{"footnotes":""},"categories":[267,3],"tags":[],"_links":{"self":[{"href":"http:\/\/www.primeranota.cl\/web\/wp-json\/wp\/v2\/posts\/18777"}],"collection":[{"href":"http:\/\/www.primeranota.cl\/web\/wp-json\/wp\/v2\/posts"}],"about":[{"href":"http:\/\/www.primeranota.cl\/web\/wp-json\/wp\/v2\/types\/post"}],"author":[{"embeddable":true,"href":"http:\/\/www.primeranota.cl\/web\/wp-json\/wp\/v2\/users\/7"}],"replies":[{"embeddable":true,"href":"http:\/\/www.primeranota.cl\/web\/wp-json\/wp\/v2\/comments?post=18777"}],"version-history":[{"count":1,"href":"http:\/\/www.primeranota.cl\/web\/wp-json\/wp\/v2\/posts\/18777\/revisions"}],"predecessor-version":[{"id":18779,"href":"http:\/\/www.primeranota.cl\/web\/wp-json\/wp\/v2\/posts\/18777\/revisions\/18779"}],"wp:featuredmedia":[{"embeddable":true,"href":"http:\/\/www.primeranota.cl\/web\/wp-json\/wp\/v2\/media\/18778"}],"wp:attachment":[{"href":"http:\/\/www.primeranota.cl\/web\/wp-json\/wp\/v2\/media?parent=18777"}],"wp:term":[{"taxonomy":"category","embeddable":true,"href":"http:\/\/www.primeranota.cl\/web\/wp-json\/wp\/v2\/categories?post=18777"},{"taxonomy":"post_tag","embeddable":true,"href":"http:\/\/www.primeranota.cl\/web\/wp-json\/wp\/v2\/tags?post=18777"}],"curies":[{"name":"wp","href":"https:\/\/api.w.org\/{rel}","templated":true}]}}