{"id":1895,"date":"2018-08-17T09:55:15","date_gmt":"2018-08-17T12:55:15","guid":{"rendered":"http:\/\/www.primeranota.cl\/web\/?p=1895"},"modified":"2018-08-17T11:33:41","modified_gmt":"2018-08-17T14:33:41","slug":"errazuriz-expuslsado-del-c-9-por-el-papa","status":"publish","type":"post","link":"http:\/\/www.primeranota.cl\/web\/pais\/errazuriz-expuslsado-del-c-9-por-el-papa\/","title":{"rendered":"Errazur\u00edz expulsado del C-9 por el Papa"},"content":{"rendered":"<p>En medio de la profunda crisis que vive la Iglesia cat\u00f3lica en Chile, sacudida por esc\u00e1ndalos de abusos sexuales y encubrimiento, el Papa Francisco decidi\u00f3 expulsar del C-9 a dos cardenales: George Pell (Australia) y Francisco Javier Err\u00e1zuriz.<\/p>\n<p>As\u00ed lo inform\u00f3 eldiario.es. La decisi\u00f3n de Francisco llega en una semana marcada por el informe judicial que acusa a m\u00e1s de 300 sacerdotes por delitos sexuales en Pensilvania.<\/p>\n<p>La justicia chilena contin\u00faa su investigaci\u00f3n por las denuncias de abusos al interior de la Iglesia. Francisco Javier Err\u00e1zuriz ha sido sindicado como uno de los principales encubridores del sacerdote Fernando Karadima. Con su expulsi\u00f3n, el Papa sella un gesto luego del esc\u00e1ndalo que surgi\u00f3 en su visita al pa\u00eds en enero de este a\u00f1o, en la que defendi\u00f3 al ex obispo de Osorno Juan Barros, otro de los grandes acusados de encubrir a Karadima.<\/p>\n<p>La crisis de la Iglesia chilena ha motivado una investigaci\u00f3n por parte de la Fiscal\u00eda. De hecho, Ricardo Ezzati, arzobispo de Santiago y otro de los grandes acusados por encubrimiento, est\u00e1 citado a declarar en calidad de imputado para el pr\u00f3ximo 21 de agosto. De acuerdo a eldiario.es, se plantea hacer lo mismo con Err\u00e1zuriz.<\/p>\n<p>En cuanto a George Pell, este mi\u00e9rcoles se dio inicio al juicio en su contra por m\u00faltiples acusaciones por abuso sexual infantil, proceso que comenz\u00f3 luego de que Pell declarara en la comisi\u00f3n oficial que investig\u00f3 desde 2013 a 2017 la respuesta de la Iglesia en Australia a las acusaciones de pederastia.<\/p>\n<p>La expulsi\u00f3n de Pell se producir\u00e1 de inmediato. De hecho, el religioso ya no estar\u00e1 presente para la pr\u00f3xima reuni\u00f3n del C-9 que se realizar\u00e1 entre el 11 y el 13 de septiembre. Se cree que Err\u00e1zuriz tampoco asistir\u00e1, aunque dicha informaci\u00f3n no ha sido confirmada.<\/p>\n<p>Pero la reforma del C-9 es mucho m\u00e1s profunda y no se quedar\u00e1 \u00fanicamente con Pell y Err\u00e1zuriz. En esa l\u00ednea, el Papa podr\u00eda plantearse la salida del arzobispo de Kinshasa, Laurent Monsengwo, aunque su expulsi\u00f3n ser\u00eda m\u00e1s bien por motivos de edad (tiene 79 a\u00f1os).<\/p>\n<p>Los sustitutos<br \/>\nPara reemplazar a los religiosos salientes, suenan los nombres del cardenal de Manila y presidente de C\u00e1ritas Internationalis, Luis Antonio Tagle, adem\u00e1s del ghan\u00e9s Peter Turkson, actual Prefecto del Dicasterio para el Servicio del Desarrollo Humano Integral, que se ocupa de la lucha contra la pobreza, por los migrantes y contra la desigualdad en el mundo.<\/p>\n","protected":false},"excerpt":{"rendered":"<p>En medio de la profunda crisis que vive la Iglesia cat\u00f3lica en Chile, sacudida por esc\u00e1ndalos de abusos sexuales y encubrimiento, el Papa Francisco decidi\u00f3&#8230;<\/p>\n","protected":false},"author":2,"featured_media":1902,"comment_status":"closed","ping_status":"open","sticky":false,"template":"","format":"standard","meta":{"footnotes":""},"categories":[4,267],"tags":[],"_links":{"self":[{"href":"http:\/\/www.primeranota.cl\/web\/wp-json\/wp\/v2\/posts\/1895"}],"collection":[{"href":"http:\/\/www.primeranota.cl\/web\/wp-json\/wp\/v2\/posts"}],"about":[{"href":"http:\/\/www.primeranota.cl\/web\/wp-json\/wp\/v2\/types\/post"}],"author":[{"embeddable":true,"href":"http:\/\/www.primeranota.cl\/web\/wp-json\/wp\/v2\/users\/2"}],"replies":[{"embeddable":true,"href":"http:\/\/www.primeranota.cl\/web\/wp-json\/wp\/v2\/comments?post=1895"}],"version-history":[{"count":3,"href":"http:\/\/www.primeranota.cl\/web\/wp-json\/wp\/v2\/posts\/1895\/revisions"}],"predecessor-version":[{"id":1903,"href":"http:\/\/www.primeranota.cl\/web\/wp-json\/wp\/v2\/posts\/1895\/revisions\/1903"}],"wp:featuredmedia":[{"embeddable":true,"href":"http:\/\/www.primeranota.cl\/web\/wp-json\/wp\/v2\/media\/1902"}],"wp:attachment":[{"href":"http:\/\/www.primeranota.cl\/web\/wp-json\/wp\/v2\/media?parent=1895"}],"wp:term":[{"taxonomy":"category","embeddable":true,"href":"http:\/\/www.primeranota.cl\/web\/wp-json\/wp\/v2\/categories?post=1895"},{"taxonomy":"post_tag","embeddable":true,"href":"http:\/\/www.primeranota.cl\/web\/wp-json\/wp\/v2\/tags?post=1895"}],"curies":[{"name":"wp","href":"https:\/\/api.w.org\/{rel}","templated":true}]}}