{"id":1909,"date":"2018-08-18T10:10:50","date_gmt":"2018-08-18T13:10:50","guid":{"rendered":"http:\/\/www.primeranota.cl\/web\/?p=1909"},"modified":"2018-08-18T10:10:50","modified_gmt":"2018-08-18T13:10:50","slug":"presidentes-de-partidos-y-ministros-son-convocados-por-pinera","status":"publish","type":"post","link":"http:\/\/www.primeranota.cl\/web\/pais\/presidentes-de-partidos-y-ministros-son-convocados-por-pinera\/","title":{"rendered":"Presidentes de partidos  y ministros son convocados por Pi\u00f1era"},"content":{"rendered":"<p>El jueves en la tarde, los presidentes de la UDI, RN y Ev\u00f3poli, Jacqueline van Rysselberghe, Mario Desbordes y Hern\u00e1n Larra\u00edn Matte, respectivamente, comenzaron a recibir una invitaci\u00f3n, a petici\u00f3n del Presidente Sebasti\u00e1n Pi\u00f1era, para reunirse ma\u00f1ana en la noche a comer en la casa del ministro del Interior, Andr\u00e9s Chadwick.<br \/>\nLa cita se da tras semanas complejas para el Ejecutivo- se extendi\u00f3 a presidentes de RN, la UDI y Ev\u00f3poli para ma\u00f1ana en la casa de Andr\u00e9s Chadwick. Objetivo es fortalecer la labor pol\u00edtica. Ayer la vocera de gobierno, Cecilia P\u00e9rez, critic\u00f3 el \u201cfuego amigo\u201d y pidi\u00f3 reflexionar.<br \/>\nSi bien a los dirigentes oficialistas no les dieron las razones del encuentro, que se realizar\u00e1 a las 20.00, en La Moneda afirman que la cita -en la que participar\u00e1 tambi\u00e9n el titular de la Segpres, Gonzalo Blumel, y su par de la Segegob, Cecilia P\u00e9rez- ser\u00e1 una reuni\u00f3n de trabajo pol\u00edtico. As\u00ed, agregan que la idea es fortalecer ese aspecto de la labor del oficialismo en su conjunto y que un aspecto a abordar ser\u00e1 la coordinaci\u00f3n pol\u00edtica.<br \/>\nEl encuentro es de car\u00e1cter extraordinario y, de hecho, ser\u00e1 la primera vez que el Mandatario se re\u00fana con los partidos en una cita de este tipo y, adem\u00e1s, un d\u00eda domingo. Anteriormente, Pi\u00f1era s\u00f3lo hab\u00eda sostenido una reuni\u00f3n con senadores oficialistas en Cerro Castillo, antes de la cuenta p\u00fablica del Congreso, y distendidos encuentros individuales con las bancadas de diputados de Chile Vamos.<br \/>\nLa cita de ma\u00f1ana se produce luego de semanas complejas para el Ejecutivo, que han estado marcadas por una disminuci\u00f3n en la aprobaci\u00f3n de las encuestas y la baja en las expectativas ciudadanas en materia econ\u00f3mica, lo que concluy\u00f3 con el cambio de gabinete que realiz\u00f3 el Mandatario el jueves 9 de agosto, que termin\u00f3 con la salida de Gerardo Varela de Educaci\u00f3n y de Alejandra P\u00e9rez de Culturas.<br \/>\nEsa apuesta del Mandatario tuvo el objetivo de iniciar una nueva etapa y fortalecer la comunicaci\u00f3n del programa de gobierno. Sin embargo, sus esfuerzos se vieron truncados luego de que se conocieran las pol\u00e9micas frases que plasm\u00f3 Mauricio Rojas -sucesor de P\u00e9rez en Culturas- en un libro publicado en 2015 junto al canciller Roberto Ampuero, en el que califica de \u201cmontaje\u201d al Museo de la Memoria.<br \/>\nEl episodio termin\u00f3 sellando la salida de Rojas del gabinete, repercutiendo tambi\u00e9n en cr\u00edticas de la oposici\u00f3n a Ampuero y abriendo un debate al interior de Chile Vamos -con cuestionamientos de la UDI y RN al desmarque protagonizado por Ev\u00f3poli- sobre los derechos humanos. El tema es considerado \u201csensible\u201d en el oficialismo y, adem\u00e1s, en el sector dicen que se termin\u00f3 complicando tambi\u00e9n al propio Mandatario.<\/p>\n<p>A esto se sumaron las cr\u00edticas desde la oposici\u00f3n al subsecretario de Redes Asistenciales, Luis Castillo, a quien, hasta el d\u00eda de ayer, le segu\u00edan pidiendo la renuncia por su supuesto ocultamiento de la autopsia del fallecido expresidente Eduardo Frei Montalva.<br \/>\nAsimismo, La Moneda ha debido afrontar, al igual que en el primer gobierno de Pi\u00f1era, los cuestionamientos de algunos diputados de RN, particularmente hacia el segundo piso de La Moneda, encabezado por Cristi\u00e1n Larroulet, por un supuesto \u201cfrenes\u00ed\u201d de anuncios y una falta de estrategia pol\u00edtica y comunicacional.<br \/>\nAl respecto, y ad portas del encuentro de ma\u00f1ana, la vocera de gobierno respondi\u00f3 ayer en duros t\u00e9rminos las cr\u00edticas formuladas por legisladores de ese partido, a quienes, en privado, tambi\u00e9n les transmiti\u00f3 su molestia. \u201cEs una actitud que no corresponde, el fuego amigo da\u00f1a. Y vuelvo a insistir: da\u00f1a al gobierno (\u2026) No tiene ninguna justificaci\u00f3n cuando existen todos los canales de comunicaci\u00f3n\u201d, manifest\u00f3 la ministra P\u00e9rez. Adem\u00e1s, los emplaz\u00f3 a \u201chacer una reflexi\u00f3n\u201d.<br \/>\nLa secretaria de Estado tambi\u00e9n se refiri\u00f3 a la solicitud que hicieron parlamentarios de RN para que asista la pr\u00f3xima semana al almuerzo de bancada. \u201cVoy a coordinar como corresponde, no por la prensa, con el jefe de bancada de RN, Leopoldo P\u00e9rez\u201d, dijo.<br \/>\nEn medio de este escenario es que se desarrollar\u00e1 ma\u00f1ana el encuentro entre Chile Vamos, el Presidente Pi\u00f1era y los ministros del comit\u00e9 pol\u00edtico, cuyo trabajo ha estado concentrado tambi\u00e9n en estos d\u00edas en intentar recuperar la agenda e instalar los temas del programa de gobierno.<br \/>\nPor esta raz\u00f3n, en Palacio reconocen que se ha estado analizando qu\u00e9 temas ir \u201csubiendo o bajando\u201d para conseguir ese objetivo. As\u00ed, hasta el cierre de esta edici\u00f3n se ten\u00eda contemplado para la pr\u00f3xima semana seguir con el foco en materia econ\u00f3mica y reforzar las iniciativas que apuntan a la clase media. Respecto a lo primero, el gobierno tiene estipulado anunciar el martes la reforma tributaria.<\/p>\n","protected":false},"excerpt":{"rendered":"<p>El jueves en la tarde, los presidentes de la UDI, RN y Ev\u00f3poli, Jacqueline van Rysselberghe, Mario Desbordes y Hern\u00e1n Larra\u00edn Matte, respectivamente, comenzaron a&#8230;<\/p>\n","protected":false},"author":2,"featured_media":1565,"comment_status":"closed","ping_status":"open","sticky":false,"template":"","format":"standard","meta":{"footnotes":""},"categories":[4,5,267],"tags":[],"_links":{"self":[{"href":"http:\/\/www.primeranota.cl\/web\/wp-json\/wp\/v2\/posts\/1909"}],"collection":[{"href":"http:\/\/www.primeranota.cl\/web\/wp-json\/wp\/v2\/posts"}],"about":[{"href":"http:\/\/www.primeranota.cl\/web\/wp-json\/wp\/v2\/types\/post"}],"author":[{"embeddable":true,"href":"http:\/\/www.primeranota.cl\/web\/wp-json\/wp\/v2\/users\/2"}],"replies":[{"embeddable":true,"href":"http:\/\/www.primeranota.cl\/web\/wp-json\/wp\/v2\/comments?post=1909"}],"version-history":[{"count":1,"href":"http:\/\/www.primeranota.cl\/web\/wp-json\/wp\/v2\/posts\/1909\/revisions"}],"predecessor-version":[{"id":1910,"href":"http:\/\/www.primeranota.cl\/web\/wp-json\/wp\/v2\/posts\/1909\/revisions\/1910"}],"wp:featuredmedia":[{"embeddable":true,"href":"http:\/\/www.primeranota.cl\/web\/wp-json\/wp\/v2\/media\/1565"}],"wp:attachment":[{"href":"http:\/\/www.primeranota.cl\/web\/wp-json\/wp\/v2\/media?parent=1909"}],"wp:term":[{"taxonomy":"category","embeddable":true,"href":"http:\/\/www.primeranota.cl\/web\/wp-json\/wp\/v2\/categories?post=1909"},{"taxonomy":"post_tag","embeddable":true,"href":"http:\/\/www.primeranota.cl\/web\/wp-json\/wp\/v2\/tags?post=1909"}],"curies":[{"name":"wp","href":"https:\/\/api.w.org\/{rel}","templated":true}]}}