{"id":1923,"date":"2018-08-19T12:03:20","date_gmt":"2018-08-19T15:03:20","guid":{"rendered":"http:\/\/www.primeranota.cl\/web\/?p=1923"},"modified":"2018-08-19T12:21:34","modified_gmt":"2018-08-19T15:21:34","slug":"fuad-chahin-la-moneda-dinamito-su-relacion-con-la-dc","status":"publish","type":"post","link":"http:\/\/www.primeranota.cl\/web\/pais\/fuad-chahin-la-moneda-dinamito-su-relacion-con-la-dc\/","title":{"rendered":"Fuad Chahin: La Moneda dinamito su relaci\u00f3n con la DC"},"content":{"rendered":"<p>\u201cEl Presidente Pi\u00f1era hoy est\u00e1 reh\u00e9n de la UDI\u201d, el presidente de la DC se\u00f1ala que es el gremialismo el que sostiene al subsecretario de Redes Asistenciales, Luis Castillo, y acusa que La Moneda dinamit\u00f3 la relaci\u00f3n con su partido al nominar al m\u00e9dico en el Minsal.<br \/>\n\u201cNo queremos doblarle la mano al gobierno\u201d, sostiene el presidente de la DC, Fuad Chahin, quien encabeza la ofensiva de su partido para remover al subsecretario de Redes Asistenciales, Luis Castillo, que -seg\u00fan reafirma- ocult\u00f3 informaci\u00f3n sobre la autopsia realizada al expresidente Eduardo Frei Montalva. Sin embargo, con el mismo \u00edmpetu, advierte que la mantenci\u00f3n del subsecretario implicar\u00e1 un \u201cantes y un despu\u00e9s\u201d en la relaci\u00f3n con el gobierno.<br \/>\nNos parece incomprensible. Este no es un tema entre el gobierno y la DC o la oposici\u00f3n. Esto dice relaci\u00f3n con ciertos est\u00e1ndares m\u00ednimos que debemos autoexigirnos como sociedad respecto de la integridad y la probidad de las autoridades p\u00fablicas. No es aceptable que pueda ejercer un cargo como subsecretario alguien que orden\u00f3 ocultar informaci\u00f3n en el marco de una investigaci\u00f3n respecto del homicidio de un Presidente de la Rep\u00fablica.<br \/>\nLa disposici\u00f3n que ha demostrado la DC, a tener una oposici\u00f3n cr\u00edtica, pero propositiva, es evidente que va a cambiar. Esto marca un antes y un despu\u00e9s. Desde el punto de vista pol\u00edtico es una enorme torpeza mantener al subsecretario y dinamitar una pol\u00edtica que permit\u00eda en algunas \u00e1reas ir generando puntos de entendimiento entre gobierno y oposici\u00f3n a trav\u00e9s del rol que pod\u00eda jugar la DC. Lo que hace el gobierno es contribuir a un clima de polarizaci\u00f3n que no es bueno para nadie y la responsabilidad la tiene el gobierno al haber nombrado a Castillo y mantenerlo en el cargo.<br \/>\nEn entrevista con La Tercera se\u00f1alo, he sido uno de los que han promovido tener un rol como DC con un sello propio en la oposici\u00f3n. Un rol que critica lo que hay que criticar, que fiscaliza, pero que siempre tenga una disposici\u00f3n al di\u00e1logo, y creo que esa oposici\u00f3n, que de alguna manera estaba siendo la mayoritaria, queda puesta en cuesti\u00f3n por lo de Castillo. El gobierno tiene en sus manos corregirlo (\u2026). Creo que el gobierno le ha faltado el respeto a la DC y a la figura m\u00e1s relevante de la historia de nuestro partido, del expresidente Eduardo Frei Montalva.<\/p>\n<p>De persistir la actitud del gobierno respecto de Luis Castillo, puedo anticipar es que el estado de \u00e1nimo y la disposici\u00f3n es totalmente distinta, porque se pierden las confianzas y creo que eso es fundamental para poder tener un di\u00e1logo constructivo desde roles distintos, nosotros desde la oposici\u00f3n y el gobierno desde el Ejecutivo. No queremos doblarle la mano al gobierno, simplemente queremos que se d\u00e9 una se\u00f1al clara en esta materia de la importancia que tienen los DD.HH., la importancia de fijar m\u00ednimos est\u00e1ndares de conducta a los funcionarios de gobierno y tambi\u00e9n el respeto no solo a la memoria de Frei Montalva. sino que a todas las v\u00edctimas de las violaciones a los DD.HH.<\/p>\n<p>En la gesti\u00f3n pol\u00edtica<br \/>\nEn medio de la ofensiva de la DC por lo de Castillo, usted no logr\u00f3 alinear los votos de la bancada por salario m\u00ednimo. \u00bfFue un error de los diputados votar a favor de la propuesta del gobierno?<br \/>\nAs\u00ed lo dije: para algunos prim\u00f3 el que hab\u00edan participado de las conversaciones previas con el gobierno. No hay hoy d\u00eda mayor discrepancia respecto de aquello, es algo que est\u00e1 conversado con los parlamentarios, es una etapa superada.<br \/>\nPero en una conversaci\u00f3n privada usted calific\u00f3 el hecho como una verg\u00fcenza.<br \/>\nTal como lo he dicho, esa fue una conversaci\u00f3n privada que lamentablemente apareci\u00f3 en los medios. No me voy a referir a conversaciones privadas, s\u00ed creo que es un tema que est\u00e1 y creo que la posici\u00f3n que hemos marcado como mesa ha tenido todo el respaldo de nuestro consejo nacional y de nuestra militancia.<br \/>\nEn su primera entrevista como timonel, usted dijo que no se iba a sentar a conversar ni con el PC ni con el FA. \u00bfMantiene esa l\u00ednea?<br \/>\nLo que hemos dicho es que no vamos a hablar de pol\u00edtica de alianzas, este no es el momento. Lo importante es ver c\u00f3mo cada uno de los partidos desarrolla una estrategia de posicionamiento pol\u00edtico, electoral. Estamos preocupados de poder avanzar en inteligencia electoral, en la elaboraci\u00f3n de contenidos. El di\u00e1logo va a seguir siendo bilateral, program\u00e1tico, sin complejos. Vamos a seguir conversando con los dem\u00e1s partidos para ver c\u00f3mo desde la oposici\u00f3n vamos siendo capaces de ir planteando temas. Hay una agenda program\u00e1tica que vamos a ir sosteniendo desde la DC.<br \/>\nPartidos de oposici\u00f3n, como el PPD, han tomando distancia de la segunda vuelta municipal que ustedes proponen. \u00bfC\u00f3mo lo toma?<br \/>\nTenemos que volver a conversar. Aqu\u00ed no podemos seguir haciendo pol\u00edtica ni con la calculadora ni con presiones corporativas. Siento que algunos alcaldes est\u00e1n muy preocupados y quisieran incluso, en lo posible, no tener competencia. Eso debilita la democracia y la participaci\u00f3n. Los acuerdos copulares son un profundo error, no solo inconvenientes del punto de vista de que limita la participaci\u00f3n, sino que, adem\u00e1s, son ineficaces. Todos sabemos que los partidos, que muchas veces hablan de primarias a la hora de sentarse a conversar, las bloquean porque existe todav\u00eda el derecho a veto de cada presidente del partido para realizar o no primarias en una comuna, y eso ha sido una dificultad enorme a la hora de poder construir acuerdos. Entonces, si no quieren segunda vuelta, que la primaria sea universal y obligatoria y no que cada partido tenga que firmar si se realizan o no primarias en determinada comuna. Creo que esas son las dos alternativas que permitir\u00edan de alguna manera enfrentar de mejor forma la elecci\u00f3n municipal.<\/p>\n<p>\u00bfC\u00f3mo ser\u00eda en espec\u00edfico el criterio que usted pide en caso de que se dieran las primarias?<br \/>\nHoy d\u00eda tienen que firmar todos los presidentes que en esa comuna va a haber primarias legales, entonces en la pr\u00e1ctica hay un derecho a veto, porque en las mesas de negociaci\u00f3n (los partidos) dicen no acepto primarias, no firmo, y si no firma un partido no hay primarias. Por eso, que existiendo un pacto electoral, que tenga que haber primarias en todas las comunas para definir y que se inscriban todos los candidatos que quieran, y no dependa de la unanimidad de los partidos ver si se realizan primarias en una comuna.<\/p>\n","protected":false},"excerpt":{"rendered":"<p>\u201cEl Presidente Pi\u00f1era hoy est\u00e1 reh\u00e9n de la UDI\u201d, el presidente de la DC se\u00f1ala que es el gremialismo el que sostiene al subsecretario de&#8230;<\/p>\n","protected":false},"author":2,"featured_media":1926,"comment_status":"closed","ping_status":"open","sticky":false,"template":"","format":"standard","meta":{"footnotes":""},"categories":[4,267],"tags":[],"_links":{"self":[{"href":"http:\/\/www.primeranota.cl\/web\/wp-json\/wp\/v2\/posts\/1923"}],"collection":[{"href":"http:\/\/www.primeranota.cl\/web\/wp-json\/wp\/v2\/posts"}],"about":[{"href":"http:\/\/www.primeranota.cl\/web\/wp-json\/wp\/v2\/types\/post"}],"author":[{"embeddable":true,"href":"http:\/\/www.primeranota.cl\/web\/wp-json\/wp\/v2\/users\/2"}],"replies":[{"embeddable":true,"href":"http:\/\/www.primeranota.cl\/web\/wp-json\/wp\/v2\/comments?post=1923"}],"version-history":[{"count":3,"href":"http:\/\/www.primeranota.cl\/web\/wp-json\/wp\/v2\/posts\/1923\/revisions"}],"predecessor-version":[{"id":1928,"href":"http:\/\/www.primeranota.cl\/web\/wp-json\/wp\/v2\/posts\/1923\/revisions\/1928"}],"wp:featuredmedia":[{"embeddable":true,"href":"http:\/\/www.primeranota.cl\/web\/wp-json\/wp\/v2\/media\/1926"}],"wp:attachment":[{"href":"http:\/\/www.primeranota.cl\/web\/wp-json\/wp\/v2\/media?parent=1923"}],"wp:term":[{"taxonomy":"category","embeddable":true,"href":"http:\/\/www.primeranota.cl\/web\/wp-json\/wp\/v2\/categories?post=1923"},{"taxonomy":"post_tag","embeddable":true,"href":"http:\/\/www.primeranota.cl\/web\/wp-json\/wp\/v2\/tags?post=1923"}],"curies":[{"name":"wp","href":"https:\/\/api.w.org\/{rel}","templated":true}]}}